{"id":3746,"date":"2025-07-17T10:37:43","date_gmt":"2025-07-17T08:37:43","guid":{"rendered":"https:\/\/amqg-aufg.org\/2025\/07\/17\/konferenz-geschlechtsumwandlung-die-elterliche-sorge-in-frage-gestellt\/"},"modified":"2025-11-24T17:36:08","modified_gmt":"2025-11-24T16:36:08","slug":"konferenz-geschlechtsumwandlung-die-elterliche-sorge-in-frage-gestellt","status":"publish","type":"post","link":"https:\/\/amqg-aufg.org\/de\/2025\/07\/17\/konferenz-geschlechtsumwandlung-die-elterliche-sorge-in-frage-gestellt\/","title":{"rendered":"Konferenz: Geschlechtsumwandlung, die elterliche Sorge in Frage gestellt"},"content":{"rendered":"<div id='av_section_1'  class='avia-section av-gprb8p-3c1a12bd812b12c6de90519b0e9ed7bc main_color avia-section-default avia-no-border-styling  avia-builder-el-0  avia-builder-el-no-sibling  avia-bg-style-scroll container_wrap fullsize'  ><div class='container av-section-cont-open' ><main  role=\"main\" itemprop=\"mainContentOfPage\"  class='template-page content  av-content-full alpha units'><div class='post-entry post-entry-type-page post-entry-3746'><div class='entry-content-wrapper clearfix'>\n<div  class='flex_column av-g52a95-af5abae67684b0322aa9931e20b2b414 av_one_fifth  avia-builder-el-1  el_before_av_three_fifth  avia-builder-el-first  first flex_column_div  '     ><\/div><div  class='flex_column av-1cg46x-db24c586233c87e213a1341f49f7fd02 av_three_fifth  avia-builder-el-2  el_after_av_one_fifth  el_before_av_one_fifth  flex_column_div av-animated-generic pop-up  '     ><p>\n<style type=\"text\/css\" data-created_by=\"avia_inline_auto\" id=\"style-css-av-mg4vjun1-872de73c0e21765f935898d12ee68b9a\">\n#top .av-special-heading.av-mg4vjun1-872de73c0e21765f935898d12ee68b9a{\npadding-bottom:10px;\n}\nbody .av-special-heading.av-mg4vjun1-872de73c0e21765f935898d12ee68b9a .av-special-heading-tag .heading-char{\nfont-size:25px;\n}\n.av-special-heading.av-mg4vjun1-872de73c0e21765f935898d12ee68b9a .av-subheading{\nfont-size:15px;\n}\n<\/style>\n<div  class='av-special-heading av-mg4vjun1-872de73c0e21765f935898d12ee68b9a av-special-heading-h2 blockquote modern-quote modern-centered  avia-builder-el-3  el_before_av_hr  avia-builder-el-first '><h2 class='av-special-heading-tag '  itemprop=\"headline\"  >Konferenz: Geschlechtsumwandlung, die elterliche Sorge in Frage gestellt<\/h2><div class=\"special-heading-border\"><div class=\"special-heading-inner-border\"><\/div><\/div><\/div><br \/>\n\n<style type=\"text\/css\" data-created_by=\"avia_inline_auto\" id=\"style-css-av-bz84ft-e773274dfc3c79cdd96d9b9f36988451\">\n#top .hr.hr-invisible.av-bz84ft-e773274dfc3c79cdd96d9b9f36988451{\nheight:20px;\n}\n<\/style>\n<div  class='hr av-bz84ft-e773274dfc3c79cdd96d9b9f36988451 hr-invisible  avia-builder-el-4  el_after_av_heading  el_before_av_video '><span class='hr-inner '><span class=\"hr-inner-style\"><\/span><\/span><\/div><br \/>\n<div  class='avia-video av-mg4vi2kw-7577ffa3ff159c274df7a7cf5ae8e8a7 avia-video-16-9 av-no-preview-image avia-video-load-always av-lazyload-immediate av-lazyload-video-embed'  itemprop=\"video\" itemtype=\"https:\/\/schema.org\/VideoObject\"  data-original_url='https:\/\/www.youtube.com\/watch?app=desktop&v=Ss_ZhR22YX8'><script type='text\/html' class='av-video-tmpl'><div class='avia-iframe-wrap'><iframe loading=\"lazy\" title=\"Conf\u00e9rence: Changement de s**xe, l&#039;autorit\u00e9 parentale en question\" width=\"1500\" height=\"844\" src=\"https:\/\/www.youtube.com\/embed\/Ss_ZhR22YX8?feature=oembed&autoplay=0&loop=0&controls=1&mute=0\" frameborder=\"0\" allow=\"accelerometer; autoplay; clipboard-write; encrypted-media; gyroscope; picture-in-picture; web-share\" referrerpolicy=\"strict-origin-when-cross-origin\" allowfullscreen><\/iframe><\/div><\/script><div class='av-click-to-play-overlay'><div class=\"avia_playpause_icon\"><\/div><\/div><\/div><br \/>\n\n<style type=\"text\/css\" data-created_by=\"avia_inline_auto\" id=\"style-css-av-bcsid5-43eeee48707cc569563dba547c5b1395\">\n#top .hr.hr-invisible.av-bcsid5-43eeee48707cc569563dba547c5b1395{\nheight:20px;\n}\n<\/style>\n<div  class='hr av-bcsid5-43eeee48707cc569563dba547c5b1395 hr-invisible  avia-builder-el-6  el_after_av_video  el_before_av_textblock '><span class='hr-inner '><span class=\"hr-inner-style\"><\/span><\/span><\/div><br \/>\n<section  class='av_textblock_section av-mg4vh42q-e7298a85f0f6d54b1971df3c5d994e9e '   itemscope=\"itemscope\" itemtype=\"https:\/\/schema.org\/BlogPosting\" itemprop=\"blogPost\" ><div class='avia_textblock'  itemprop=\"text\" ><p>Wir haben diese Konferenz am 3. Juni 2025 organisiert, um ein sensibles Thema anzusprechen: den Geschlechtswechsel bei Minderj\u00e4hrigen. Wir hatten die Ehre, hochkar\u00e4tige Referenten zu begr\u00fc\u00dfen, die heute die Kraft und den Mut haben, die aktuelle Propaganda zu diesem Thema, die an Kinder und Jugendliche gerichtet ist, anzuprangern. Zwei V\u00e4ter, die im schulischen und pers\u00f6nlichen Umfeld mit dem Problem der sexuellen Identit\u00e4t ihrer T\u00f6chter konfrontiert sind, gaben ergreifende Zeugenaussagen ab.  <\/p>\n<p>Einer von ihnen, David Glutz, verteidigt mit Leib und Seele die Integrit\u00e4t seiner 16-j\u00e4hrigen Tochter, die sich f\u00fcr eine Transition entschieden hat. Ein Kinderpsychoanalytiker \u00e4u\u00dferte seine Sichtweise zu diesem Thema, und schlie\u00dflich berichtete auch Lyo Kessler, eine junge Frau, die den Schritt zur Transition mit Operationen vollzogen hatte, um ihre Reue zu erkl\u00e4ren und zu best\u00e4tigen, dass sie trotz allem ihr ganzes Leben lang eine Frau bleiben wird.<\/p>\n<\/div><\/section><br \/>\n\n<style type=\"text\/css\" data-created_by=\"avia_inline_auto\" id=\"style-css-av-ur43d-8be2ed4835e3435eb072546da305a61b\">\n#top .hr.hr-invisible.av-ur43d-8be2ed4835e3435eb072546da305a61b{\nheight:20px;\n}\n<\/style>\n<div  class='hr av-ur43d-8be2ed4835e3435eb072546da305a61b hr-invisible  avia-builder-el-8  el_after_av_textblock  el_before_av_buttonrow '><span class='hr-inner '><span class=\"hr-inner-style\"><\/span><\/span><\/div><br \/>\n<div  class='avia-buttonrow-wrap av-7j5b0p-84383e42a927042cd6b9f168c20d9f6a avia-buttonrow-center  avia-builder-el-9  el_after_av_hr  avia-builder-el-last '>\n\n<style type=\"text\/css\" data-created_by=\"avia_inline_auto\" id=\"style-css-av-487bs9-63db0fe1a084c4fefc031af5892f562d\">\n#top #wrap_all .avia-button.av-487bs9-63db0fe1a084c4fefc031af5892f562d{\nmargin-bottom:5px;\nmargin-right:3px;\nmargin-left:3px;\n}\n<\/style>\n<a href='https:\/\/amqg-aufg.org\/de\/blog\/'  class='avia-button av-487bs9-63db0fe1a084c4fefc031af5892f562d avia-icon_select-yes-left-icon avia-size-medium av-icon-on-hover avia-color-theme-color'   aria-label=\"BLOG\"><span class='avia_button_icon avia_button_icon_left avia-svg-icon avia-font-svg_entypo-fontello' data-av_svg_icon='right-open-mini' data-av_iconset='svg_entypo-fontello'><svg version=\"1.1\" xmlns=\"http:\/\/www.w3.org\/2000\/svg\" width=\"8\" height=\"32\" viewBox=\"0 0 8 32\" preserveAspectRatio=\"xMidYMid meet\" aria-labelledby='av-svg-title-1' aria-describedby='av-svg-desc-1' role=\"graphics-symbol\">\n<title id='av-svg-title-1'>Right-open-mini<\/title>\n<desc id='av-svg-desc-1'>Right-open-mini<\/desc>\n<path d=\"M0.416 21.44l5.056-5.44-5.056-5.504q-0.832-0.832 0-1.536 0.832-0.832 1.536 0l6.144 6.208q0.768 0.832 0 1.6l-6.144 6.208q-0.704 0.832-1.536 0-0.832-0.704 0-1.536z\"><\/path>\n<\/svg><\/span><span class='avia_iconbox_title' >BLOG<\/span><\/a>\n<\/div><\/p><\/div><div  class='flex_column av-2o681l-1a597d39032554ccccb9ed77bc05f2b8 av_one_fifth  avia-builder-el-10  el_after_av_three_fifth  avia-builder-el-last  flex_column_div  '     ><\/div>\n","protected":false},"excerpt":{"rendered":"","protected":false},"author":1,"featured_media":3743,"comment_status":"closed","ping_status":"open","sticky":false,"template":"","format":"standard","meta":{"footnotes":""},"categories":[28,36,33,31],"tags":[],"class_list":["post-3746","post","type-post","status-publish","format-standard","has-post-thumbnail","hentry","category-eltern","category-national","category-pravention","category-startseite"],"yoast_head":"<!-- This site is optimized with the Yoast SEO plugin v27.1.1 - https:\/\/yoast.com\/product\/yoast-seo-wordpress\/ -->\n<title>Konferenz: Geschlechtsumwandlung, die elterliche Sorge in Frage gestellt - AUFG - Verein f\u00fcr einen angemessenen Umgang mit Geschlechterfragen bei jungen Menschen<\/title>\n<meta name=\"robots\" content=\"index, follow, max-snippet:-1, max-image-preview:large, max-video-preview:-1\" \/>\n<link rel=\"canonical\" href=\"https:\/\/amqg-aufg.org\/de\/2025\/07\/17\/konferenz-geschlechtsumwandlung-die-elterliche-sorge-in-frage-gestellt\/\" \/>\n<meta property=\"og:locale\" content=\"de_DE\" \/>\n<meta property=\"og:type\" content=\"article\" \/>\n<meta property=\"og:title\" content=\"Konferenz: Geschlechtsumwandlung, die elterliche Sorge in Frage gestellt - AUFG - Verein f\u00fcr einen angemessenen Umgang mit Geschlechterfragen bei jungen Menschen\" \/>\n<meta property=\"og:url\" content=\"https:\/\/amqg-aufg.org\/de\/2025\/07\/17\/konferenz-geschlechtsumwandlung-die-elterliche-sorge-in-frage-gestellt\/\" \/>\n<meta property=\"og:site_name\" content=\"AUFG - Verein f\u00fcr einen angemessenen Umgang mit Geschlechterfragen bei jungen Menschen\" \/>\n<meta property=\"article:published_time\" content=\"2025-07-17T08:37:43+00:00\" \/>\n<meta property=\"article:modified_time\" content=\"2025-11-24T16:36:08+00:00\" \/>\n<meta property=\"og:image\" content=\"https:\/\/amqg-aufg.org\/wp-content\/uploads\/2025\/09\/flyer-1.jpg\" \/>\n\t<meta property=\"og:image:width\" content=\"1130\" \/>\n\t<meta property=\"og:image:height\" content=\"1600\" \/>\n\t<meta property=\"og:image:type\" content=\"image\/jpeg\" \/>\n<meta name=\"author\" content=\"atelierssud\" \/>\n<meta name=\"twitter:card\" content=\"summary_large_image\" \/>\n<meta name=\"twitter:label1\" content=\"Verfasst von\" \/>\n\t<meta name=\"twitter:data1\" content=\"atelierssud\" \/>\n\t<meta name=\"twitter:label2\" content=\"Gesch\u00e4tzte Lesezeit\" \/>\n\t<meta name=\"twitter:data2\" content=\"13\u00a0Minute\" \/>\n<script type=\"application\/ld+json\" class=\"yoast-schema-graph\">{\"@context\":\"https:\/\/schema.org\",\"@graph\":[{\"@type\":\"Article\",\"@id\":\"https:\/\/amqg-aufg.org\/de\/2025\/07\/17\/konferenz-geschlechtsumwandlung-die-elterliche-sorge-in-frage-gestellt\/#article\",\"isPartOf\":{\"@id\":\"https:\/\/amqg-aufg.org\/de\/2025\/07\/17\/konferenz-geschlechtsumwandlung-die-elterliche-sorge-in-frage-gestellt\/\"},\"author\":{\"name\":\"atelierssud\",\"@id\":\"https:\/\/amqg-aufg.org\/de\/#\/schema\/person\/905e3bb06ca6fc545279e8c987354bbd\"},\"headline\":\"Konferenz: Geschlechtsumwandlung, die elterliche Sorge in Frage gestellt\",\"datePublished\":\"2025-07-17T08:37:43+00:00\",\"dateModified\":\"2025-11-24T16:36:08+00:00\",\"mainEntityOfPage\":{\"@id\":\"https:\/\/amqg-aufg.org\/de\/2025\/07\/17\/konferenz-geschlechtsumwandlung-die-elterliche-sorge-in-frage-gestellt\/\"},\"wordCount\":2035,\"image\":{\"@id\":\"https:\/\/amqg-aufg.org\/de\/2025\/07\/17\/konferenz-geschlechtsumwandlung-die-elterliche-sorge-in-frage-gestellt\/#primaryimage\"},\"thumbnailUrl\":\"https:\/\/amqg-aufg.org\/wp-content\/uploads\/2025\/09\/flyer-1.jpg\",\"articleSection\":[\"Eltern\",\"National\",\"Pr\u00e4vention\",\"Startseite\"],\"inLanguage\":\"de\"},{\"@type\":\"WebPage\",\"@id\":\"https:\/\/amqg-aufg.org\/de\/2025\/07\/17\/konferenz-geschlechtsumwandlung-die-elterliche-sorge-in-frage-gestellt\/\",\"url\":\"https:\/\/amqg-aufg.org\/de\/2025\/07\/17\/konferenz-geschlechtsumwandlung-die-elterliche-sorge-in-frage-gestellt\/\",\"name\":\"Konferenz: Geschlechtsumwandlung, die elterliche Sorge in Frage gestellt - AUFG - Verein f\u00fcr einen angemessenen Umgang mit Geschlechterfragen bei jungen Menschen\",\"isPartOf\":{\"@id\":\"https:\/\/amqg-aufg.org\/de\/#website\"},\"primaryImageOfPage\":{\"@id\":\"https:\/\/amqg-aufg.org\/de\/2025\/07\/17\/konferenz-geschlechtsumwandlung-die-elterliche-sorge-in-frage-gestellt\/#primaryimage\"},\"image\":{\"@id\":\"https:\/\/amqg-aufg.org\/de\/2025\/07\/17\/konferenz-geschlechtsumwandlung-die-elterliche-sorge-in-frage-gestellt\/#primaryimage\"},\"thumbnailUrl\":\"https:\/\/amqg-aufg.org\/wp-content\/uploads\/2025\/09\/flyer-1.jpg\",\"datePublished\":\"2025-07-17T08:37:43+00:00\",\"dateModified\":\"2025-11-24T16:36:08+00:00\",\"author\":{\"@id\":\"https:\/\/amqg-aufg.org\/de\/#\/schema\/person\/905e3bb06ca6fc545279e8c987354bbd\"},\"breadcrumb\":{\"@id\":\"https:\/\/amqg-aufg.org\/de\/2025\/07\/17\/konferenz-geschlechtsumwandlung-die-elterliche-sorge-in-frage-gestellt\/#breadcrumb\"},\"inLanguage\":\"de\",\"potentialAction\":[{\"@type\":\"ReadAction\",\"target\":[\"https:\/\/amqg-aufg.org\/de\/2025\/07\/17\/konferenz-geschlechtsumwandlung-die-elterliche-sorge-in-frage-gestellt\/\"]}]},{\"@type\":\"ImageObject\",\"inLanguage\":\"de\",\"@id\":\"https:\/\/amqg-aufg.org\/de\/2025\/07\/17\/konferenz-geschlechtsumwandlung-die-elterliche-sorge-in-frage-gestellt\/#primaryimage\",\"url\":\"https:\/\/amqg-aufg.org\/wp-content\/uploads\/2025\/09\/flyer-1.jpg\",\"contentUrl\":\"https:\/\/amqg-aufg.org\/wp-content\/uploads\/2025\/09\/flyer-1.jpg\",\"width\":1130,\"height\":1600},{\"@type\":\"BreadcrumbList\",\"@id\":\"https:\/\/amqg-aufg.org\/de\/2025\/07\/17\/konferenz-geschlechtsumwandlung-die-elterliche-sorge-in-frage-gestellt\/#breadcrumb\",\"itemListElement\":[{\"@type\":\"ListItem\",\"position\":1,\"name\":\"Accueil\",\"item\":\"https:\/\/amqg-aufg.org\/de\/\"},{\"@type\":\"ListItem\",\"position\":2,\"name\":\"Konferenz: Geschlechtsumwandlung, die elterliche Sorge in Frage gestellt\"}]},{\"@type\":\"WebSite\",\"@id\":\"https:\/\/amqg-aufg.org\/de\/#website\",\"url\":\"https:\/\/amqg-aufg.org\/de\/\",\"name\":\"AUFG - Verein f\u00fcr einen angemessenen Umgang mit Geschlechterfragen bei jungen Menschen\",\"description\":\"Sektion Deutschschweiz\",\"potentialAction\":[{\"@type\":\"SearchAction\",\"target\":{\"@type\":\"EntryPoint\",\"urlTemplate\":\"https:\/\/amqg-aufg.org\/de\/?s={search_term_string}\"},\"query-input\":{\"@type\":\"PropertyValueSpecification\",\"valueRequired\":true,\"valueName\":\"search_term_string\"}}],\"inLanguage\":\"de\"},{\"@type\":\"Person\",\"@id\":\"https:\/\/amqg-aufg.org\/de\/#\/schema\/person\/905e3bb06ca6fc545279e8c987354bbd\",\"name\":\"atelierssud\",\"image\":{\"@type\":\"ImageObject\",\"inLanguage\":\"de\",\"@id\":\"https:\/\/amqg-aufg.org\/de\/#\/schema\/person\/image\/\",\"url\":\"https:\/\/secure.gravatar.com\/avatar\/2b49d3ea556c8d9dddbb35cbdb19997e5bc36099b30d77e463d84567dc3d510b?s=96&d=mm&r=g\",\"contentUrl\":\"https:\/\/secure.gravatar.com\/avatar\/2b49d3ea556c8d9dddbb35cbdb19997e5bc36099b30d77e463d84567dc3d510b?s=96&d=mm&r=g\",\"caption\":\"atelierssud\"},\"sameAs\":[\"https:\/\/dentiste.atelierssud.ch\"],\"url\":\"https:\/\/amqg-aufg.org\/de\/author\/atelierssud\/\"}]}<\/script>\n<!-- \/ Yoast SEO plugin. -->","yoast_head_json":{"title":"Konferenz: Geschlechtsumwandlung, die elterliche Sorge in Frage gestellt - AUFG - Verein f\u00fcr einen angemessenen Umgang mit Geschlechterfragen bei jungen Menschen","robots":{"index":"index","follow":"follow","max-snippet":"max-snippet:-1","max-image-preview":"max-image-preview:large","max-video-preview":"max-video-preview:-1"},"canonical":"https:\/\/amqg-aufg.org\/de\/2025\/07\/17\/konferenz-geschlechtsumwandlung-die-elterliche-sorge-in-frage-gestellt\/","og_locale":"de_DE","og_type":"article","og_title":"Konferenz: Geschlechtsumwandlung, die elterliche Sorge in Frage gestellt - AUFG - Verein f\u00fcr einen angemessenen Umgang mit Geschlechterfragen bei jungen Menschen","og_url":"https:\/\/amqg-aufg.org\/de\/2025\/07\/17\/konferenz-geschlechtsumwandlung-die-elterliche-sorge-in-frage-gestellt\/","og_site_name":"AUFG - Verein f\u00fcr einen angemessenen Umgang mit Geschlechterfragen bei jungen Menschen","article_published_time":"2025-07-17T08:37:43+00:00","article_modified_time":"2025-11-24T16:36:08+00:00","og_image":[{"width":1130,"height":1600,"url":"https:\/\/amqg-aufg.org\/wp-content\/uploads\/2025\/09\/flyer-1.jpg","type":"image\/jpeg"}],"author":"atelierssud","twitter_card":"summary_large_image","twitter_misc":{"Verfasst von":"atelierssud","Gesch\u00e4tzte Lesezeit":"13\u00a0Minute"},"schema":{"@context":"https:\/\/schema.org","@graph":[{"@type":"Article","@id":"https:\/\/amqg-aufg.org\/de\/2025\/07\/17\/konferenz-geschlechtsumwandlung-die-elterliche-sorge-in-frage-gestellt\/#article","isPartOf":{"@id":"https:\/\/amqg-aufg.org\/de\/2025\/07\/17\/konferenz-geschlechtsumwandlung-die-elterliche-sorge-in-frage-gestellt\/"},"author":{"name":"atelierssud","@id":"https:\/\/amqg-aufg.org\/de\/#\/schema\/person\/905e3bb06ca6fc545279e8c987354bbd"},"headline":"Konferenz: Geschlechtsumwandlung, die elterliche Sorge in Frage gestellt","datePublished":"2025-07-17T08:37:43+00:00","dateModified":"2025-11-24T16:36:08+00:00","mainEntityOfPage":{"@id":"https:\/\/amqg-aufg.org\/de\/2025\/07\/17\/konferenz-geschlechtsumwandlung-die-elterliche-sorge-in-frage-gestellt\/"},"wordCount":2035,"image":{"@id":"https:\/\/amqg-aufg.org\/de\/2025\/07\/17\/konferenz-geschlechtsumwandlung-die-elterliche-sorge-in-frage-gestellt\/#primaryimage"},"thumbnailUrl":"https:\/\/amqg-aufg.org\/wp-content\/uploads\/2025\/09\/flyer-1.jpg","articleSection":["Eltern","National","Pr\u00e4vention","Startseite"],"inLanguage":"de"},{"@type":"WebPage","@id":"https:\/\/amqg-aufg.org\/de\/2025\/07\/17\/konferenz-geschlechtsumwandlung-die-elterliche-sorge-in-frage-gestellt\/","url":"https:\/\/amqg-aufg.org\/de\/2025\/07\/17\/konferenz-geschlechtsumwandlung-die-elterliche-sorge-in-frage-gestellt\/","name":"Konferenz: Geschlechtsumwandlung, die elterliche Sorge in Frage gestellt - AUFG - Verein f\u00fcr einen angemessenen Umgang mit Geschlechterfragen bei jungen Menschen","isPartOf":{"@id":"https:\/\/amqg-aufg.org\/de\/#website"},"primaryImageOfPage":{"@id":"https:\/\/amqg-aufg.org\/de\/2025\/07\/17\/konferenz-geschlechtsumwandlung-die-elterliche-sorge-in-frage-gestellt\/#primaryimage"},"image":{"@id":"https:\/\/amqg-aufg.org\/de\/2025\/07\/17\/konferenz-geschlechtsumwandlung-die-elterliche-sorge-in-frage-gestellt\/#primaryimage"},"thumbnailUrl":"https:\/\/amqg-aufg.org\/wp-content\/uploads\/2025\/09\/flyer-1.jpg","datePublished":"2025-07-17T08:37:43+00:00","dateModified":"2025-11-24T16:36:08+00:00","author":{"@id":"https:\/\/amqg-aufg.org\/de\/#\/schema\/person\/905e3bb06ca6fc545279e8c987354bbd"},"breadcrumb":{"@id":"https:\/\/amqg-aufg.org\/de\/2025\/07\/17\/konferenz-geschlechtsumwandlung-die-elterliche-sorge-in-frage-gestellt\/#breadcrumb"},"inLanguage":"de","potentialAction":[{"@type":"ReadAction","target":["https:\/\/amqg-aufg.org\/de\/2025\/07\/17\/konferenz-geschlechtsumwandlung-die-elterliche-sorge-in-frage-gestellt\/"]}]},{"@type":"ImageObject","inLanguage":"de","@id":"https:\/\/amqg-aufg.org\/de\/2025\/07\/17\/konferenz-geschlechtsumwandlung-die-elterliche-sorge-in-frage-gestellt\/#primaryimage","url":"https:\/\/amqg-aufg.org\/wp-content\/uploads\/2025\/09\/flyer-1.jpg","contentUrl":"https:\/\/amqg-aufg.org\/wp-content\/uploads\/2025\/09\/flyer-1.jpg","width":1130,"height":1600},{"@type":"BreadcrumbList","@id":"https:\/\/amqg-aufg.org\/de\/2025\/07\/17\/konferenz-geschlechtsumwandlung-die-elterliche-sorge-in-frage-gestellt\/#breadcrumb","itemListElement":[{"@type":"ListItem","position":1,"name":"Accueil","item":"https:\/\/amqg-aufg.org\/de\/"},{"@type":"ListItem","position":2,"name":"Konferenz: Geschlechtsumwandlung, die elterliche Sorge in Frage gestellt"}]},{"@type":"WebSite","@id":"https:\/\/amqg-aufg.org\/de\/#website","url":"https:\/\/amqg-aufg.org\/de\/","name":"AUFG - Verein f\u00fcr einen angemessenen Umgang mit Geschlechterfragen bei jungen Menschen","description":"Sektion Deutschschweiz","potentialAction":[{"@type":"SearchAction","target":{"@type":"EntryPoint","urlTemplate":"https:\/\/amqg-aufg.org\/de\/?s={search_term_string}"},"query-input":{"@type":"PropertyValueSpecification","valueRequired":true,"valueName":"search_term_string"}}],"inLanguage":"de"},{"@type":"Person","@id":"https:\/\/amqg-aufg.org\/de\/#\/schema\/person\/905e3bb06ca6fc545279e8c987354bbd","name":"atelierssud","image":{"@type":"ImageObject","inLanguage":"de","@id":"https:\/\/amqg-aufg.org\/de\/#\/schema\/person\/image\/","url":"https:\/\/secure.gravatar.com\/avatar\/2b49d3ea556c8d9dddbb35cbdb19997e5bc36099b30d77e463d84567dc3d510b?s=96&d=mm&r=g","contentUrl":"https:\/\/secure.gravatar.com\/avatar\/2b49d3ea556c8d9dddbb35cbdb19997e5bc36099b30d77e463d84567dc3d510b?s=96&d=mm&r=g","caption":"atelierssud"},"sameAs":["https:\/\/dentiste.atelierssud.ch"],"url":"https:\/\/amqg-aufg.org\/de\/author\/atelierssud\/"}]}},"_links":{"self":[{"href":"https:\/\/amqg-aufg.org\/de\/wp-json\/wp\/v2\/posts\/3746","targetHints":{"allow":["GET"]}}],"collection":[{"href":"https:\/\/amqg-aufg.org\/de\/wp-json\/wp\/v2\/posts"}],"about":[{"href":"https:\/\/amqg-aufg.org\/de\/wp-json\/wp\/v2\/types\/post"}],"author":[{"embeddable":true,"href":"https:\/\/amqg-aufg.org\/de\/wp-json\/wp\/v2\/users\/1"}],"replies":[{"embeddable":true,"href":"https:\/\/amqg-aufg.org\/de\/wp-json\/wp\/v2\/comments?post=3746"}],"version-history":[{"count":4,"href":"https:\/\/amqg-aufg.org\/de\/wp-json\/wp\/v2\/posts\/3746\/revisions"}],"predecessor-version":[{"id":4364,"href":"https:\/\/amqg-aufg.org\/de\/wp-json\/wp\/v2\/posts\/3746\/revisions\/4364"}],"wp:featuredmedia":[{"embeddable":true,"href":"https:\/\/amqg-aufg.org\/de\/wp-json\/wp\/v2\/media\/3743"}],"wp:attachment":[{"href":"https:\/\/amqg-aufg.org\/de\/wp-json\/wp\/v2\/media?parent=3746"}],"wp:term":[{"taxonomy":"category","embeddable":true,"href":"https:\/\/amqg-aufg.org\/de\/wp-json\/wp\/v2\/categories?post=3746"},{"taxonomy":"post_tag","embeddable":true,"href":"https:\/\/amqg-aufg.org\/de\/wp-json\/wp\/v2\/tags?post=3746"}],"curies":[{"name":"wp","href":"https:\/\/api.w.org\/{rel}","templated":true}]}}