{"id":4340,"date":"2025-11-22T17:08:28","date_gmt":"2025-11-22T16:08:28","guid":{"rendered":"https:\/\/amqg-aufg.org\/2025\/11\/22\/detransition-bestandsaufnahme-in-der-schweiz\/"},"modified":"2025-11-22T17:08:28","modified_gmt":"2025-11-22T16:08:28","slug":"detransition-bestandsaufnahme-in-der-schweiz","status":"publish","type":"post","link":"https:\/\/amqg-aufg.org\/de\/2025\/11\/22\/detransition-bestandsaufnahme-in-der-schweiz\/","title":{"rendered":"Detransition, Bestandsaufnahme in der Schweiz"},"content":{"rendered":"<h1 class=\"wp-block-heading\"><\/h1>\n<p>Die Eltern der AMQG haben es immer wieder geh\u00f6rt: Die Detransition betreffe 1 % der \u201etransgender\u201c Jugendlichen. Und doch beginnen seit einigen Jahren, bei uns wie anderswo, die Geschichten von Personen, die ihre Medizinalisierung bereuen und ihre \u201etransgender\u201c Identit\u00e4t aufgeben, aufzutauchen. <\/p>\n<p>Im Jahr 2021 ver\u00f6ffentlichte Janick Christen sein Buch&nbsp;<a href=\"https:\/\/trans4freedom.org\/\" target=\"_blank\" rel=\"noreferrer noopener\"><em>Ich glaubte, ein Mann zu sein<\/em><\/a>. Sie k\u00f6nnen ein &nbsp;<a href=\"https:\/\/www.youtube.com\/watch?v=wfZKXHZxMCE\" target=\"_blank\" rel=\"noreferrer noopener\">Interview<\/a> hier anh\u00f6ren.<\/p>\n<p>Im Jahr 2022 gibt Lou, die junge Frau, die <a href=\"https:\/\/amqg-aufg.org\/de\/\" target=\"_blank\" rel=\"noreferrer noopener\">die Gr\u00fcndung des Vereins initiiert hat<\/a>, bekannt, sich mit ihrem K\u00f6rper und ihrem Geschlecht vers\u00f6hnt zu haben. Im neuesten Buch von Caroline Eliacheff und C\u00e9line Masson, &nbsp;<a href=\"https:\/\/www.fr.fnac.ch\/a20922493\/Caroline-Eliacheff-Le-sermon-d-hippocrate-les-enfants-saisis-par-l-ideologie?origin=SEA_GOOG_PLA_SMABOOK&amp;gclsrc=aw.ds&amp;gad_source=1&amp;gad_campaignid=19858662233&amp;gbraid=0AAAAADQ39v7ATTtx41UTRYy47GSsVsdLe&amp;gclid=EAIaIQobChMIlOe1w5nejwMVd5GDBx0WPynFEAQYASABEgJpcvD_BwE\" target=\"_blank\" rel=\"noreferrer noopener\"><em>Der Eid des Hippokrates<\/em><\/a>. Sie und ihr Vater liefern einen gemeinsam verfassten Bericht, der den unertr\u00e4glichen Druck zeigt, der von einem transaffirmativen Umfeld auf das famili\u00e4re Milieu ausge\u00fcbt wird.<\/p>\n<p>Im selben Jahr vertraut Christelle, eine junge Detransitioniererin, der AMQG ihr Zeugnis an: \u201eGeschlechtsreise. Seit einigen Monaten f\u00fchle ich mich wohl in meiner Haut.\u201c Nachdem sie sich drei Jahre lang als Junge identifiziert hatte, ohne dass ihre Eltern davon wussten, vers\u00f6hnt sie sich mit ihrem Geschlecht.<\/p>\n<p>Im M\u00e4rz 2023 warf die RTS mit ihrer Sendung <em>Temps Pr\u00e9sent<\/em>, <a href=\"https:\/\/www.rts.ch\/play\/tv\/temps-present\/video\/detransition-ils-ont-change-de-sexe-et-ils-regrettent?urn=urn%3Arts%3Avideo%3A13829282\" target=\"_blank\" rel=\"noreferrer noopener\"><em>Sie haben ihr Geschlecht ge\u00e4ndert und bereuen es<\/em><\/a>, die Jugendlichen zu Wort kommen l\u00e4sst, die ihre \u201eGeschlechtsumwandlung\u201c bereuen, sei sie sozial und\/oder medizinisch. <a href=\"https:\/\/www.24heures.ch\/un-boycott-regrettable-de-la-part-des-militants-lgbtiq-651543170324\" target=\"_blank\" rel=\"noreferrer noopener\">Boykottiert<\/a> und von transaktivistischen Verb\u00e4nden heftig verunglimpft, sammelte der Bericht \u00fcber eine Million Aufrufe auf YouTube, bevor die RTS ihren Kanal schloss.<\/p>\n<p>Im Januar 2024 ist es an der SRF, die&nbsp;<a href=\"https:\/\/www.srf.ch\/news\/gesellschaft\/transgender-trans-op-wie-aus-meli-andre-wurde-und-wieder-meli\" target=\"_blank\" rel=\"noreferrer noopener\">Stimme<\/a> Jugendlichen zu geben, die es bereuen; Melie und C\u00e9dric berichten darin. Mise au Point greift das &nbsp;<a href=\"https:\/\/www.rts.ch\/play\/tv\/mise-au-point\/video\/transition-et-detransition?urn=urn%3Arts%3Avideo%3A14694242\" target=\"_blank\" rel=\"noreferrer noopener\">Thema<\/a> auf der RTS wieder auf.<\/p>\n<p>Im August 2024 ein Donnerschlag: Die Schweizer \u201etranssexuelle\u201c Ikone, Nadia Br\u00f6nimann,&nbsp;<a href=\"https:\/\/www.watson.ch\/fr\/societe\/genre\/941469732-elle-a-change-de-genre-et-elle-regrette\" target=\"_blank\" rel=\"noreferrer noopener\">gibt bekannt<\/a>, ihren \u201eGeschlechtswechsel\u201c nach 29 Jahren zu bereuen. Nadia wird wieder zu Chris und erkl\u00e4rt, dass er ein homosexueller Mann ist und dass &nbsp;<a href=\"https:\/\/www.blick.ch\/fr\/suisse\/femme-trans-depuis-27-ans-je-ne-me-ferai-plus-operer-aujourdhui-id17588738.html\" target=\"_blank\" rel=\"noreferrer noopener\">seit drei Jahren<\/a> er sich immer mehr von Nadia distanzierte.<\/p>\n<p>Chris Br\u00f6nimann startet die Instagram-Seite&nbsp;<a href=\"https:\/\/www.instagram.com\/detrans_schweiz\/\" target=\"_blank\" rel=\"noreferrer noopener\">detrans_schweiz <\/a>, die die aktuellen Entwicklungen der Detransition weltweit erfasst. Er f\u00fchrt einen &nbsp;<a href=\"https:\/\/x.com\/Nadiabro\/status\/1894137798262710339\" target=\"_blank\" rel=\"noreferrer noopener\">X-Account<\/a>, auf dem er seine Gedanken zum Thema darlegt, und gibt zahlreiche&nbsp;<a href=\"https:\/\/www.youtube.com\/watch?v=ZEnKp6aAyI0\" target=\"_blank\" rel=\"noreferrer noopener\">Interviews<\/a> (auf Deutsch).<\/p>\n<p>Im September 2024 die Walliserin Lyo Kessler, die bisher anonym ausgesagt hatte,&nbsp;<a href=\"https:\/\/www.lenouvelliste.ch\/valais\/je-suis-en-colere-de-metre-laisse-mutiler-une-valaisanne-regrette-sa-transition-de-femme-a-homme-1413519?utm_term=Autofeed&amp;utm_campaign=autofeed&amp;utm_medium=social&amp;utm_source=Facebook#Echobox=1727283935\" target=\"_blank\" rel=\"noreferrer noopener\">vertraut dem Nouvellisten ihre Reue an<\/a>, gesunde Organe entfernt bekommen zu haben. Seitdem &nbsp;<a href=\"https:\/\/www.instagram.com\/reel\/DOA2cfLCFPr\/\" target=\"_blank\" rel=\"noreferrer noopener\">k\u00e4mpft<\/a>&nbsp;<a href=\"https:\/\/www.youtube.com\/watch?v=2SG3XE2kHA8\" target=\"_blank\" rel=\"noreferrer noopener\">\u00f6ffentlich<\/a> f\u00fcr&nbsp;<a href=\"https:\/\/www.francesoir.fr\/videos-les-debriefings\/transgenrisme-temoignage-nous-appelle-les-detransitionneurs-je-suis-une\" target=\"_blank\" rel=\"noreferrer noopener\">anzuprangern<\/a>, die sogenannte Gendermedizin und die Ideologie, die sie unterst\u00fctzt.<\/p>\n<p>Das Projekt des Fotografen Matthieu Zellweger \u201e<a href=\"https:\/\/matthieuzellweger.com\/fr\/photographies\/la-suite-du-voyage\">Die Fortsetzung der Reise. Wege der Detransition <\/a>\u201e bietet eine intime Reflexion \u00fcber das Thema des Bedauerns im Zusammenhang mit der sogenannten geschlechtsbejahenden Medizinalisierung. Seine Fotografien von Lyo Kessler und Chris\/Nadia Br\u00f6nimann illustrieren den <a href=\"https:\/\/amqg-aufg.org\/wp-content\/uploads\/2025\/11\/ILHP2025_09_0030_0035_DETRANSITION.pdf\">Artikel des Illustr\u00e9 <\/a>vom Februar 2025 \u00fcber die Detransition. <\/p>\n<p><strong>Diese \u00f6ffentlichen Beispiele sind nur die Spitze des Eisbergs.<\/strong><\/p>\n<p>Seit der Gr\u00fcndung unseres Vereins im Jahr 2021 hat sich ein Drittel der als \u201etransgender\u201c diagnostizierten Jugendlichen mit ihrem Geschlecht vers\u00f6hnt. Zwei Studien &nbsp;<a href=\"https:\/\/www.aerzteblatt.de\/archiv\/stoerungen-der-geschlechtsidentitaet-bei-jungen-menschen-in-deutschland-haeufigkeit-und-trends-2013-2022-da2e377d-3129-46b9-8283-aa14dc0adb6c\" target=\"_blank\" rel=\"noreferrer noopener\"><strong>deutsche<\/strong><\/a> und&nbsp;<a href=\"https:\/\/www.city-journal.org\/article\/adolescent-gender-dysphoria-is-a-temporary-diagnosis-for-most-teens\" target=\"_blank\" rel=\"noreferrer noopener\"><strong>amerikanische<\/strong><\/a> j\u00fcngste Studien, basierend auf den Daten von Millionen von Versicherten, zeigen, dass 50 bis 75 % der betroffenen Jugendlichen nach f\u00fcnf Jahren keine Diagnose \u201eGeschlechtsdysphorie\u201c F64 mehr aufweisen. Angesichts der offensichtlich geringen Persistenz dieser Diagnose bei Jugendlichen \u2013 im Einklang mit der bekannten Unbest\u00e4ndigkeit der Jugend \u2013 ist der intensive Druck auf die Eltern, oft irreversible Behandlungen zuzulassen, ungerechtfertigt und sch\u00e4dlich. <\/p>\n<p>Gem\u00e4ss&nbsp;<strong><a href=\"https:\/\/amqg-aufg.org\/wp-content\/uploads\/2025\/11\/Radobuljac_ESCAPStatementGenderdysphoria_2024.pdf\" target=\"_blank\" rel=\"noreferrer noopener\">ESCAP, der Europ\u00e4ischen Gesellschaft f\u00fcr Kinder- und Jugendpsychiatrie<\/a><\/strong><a href=\"https:\/\/amqg.ch\/so\/c0PYvXnfE\/c?w=Hu7_hmrZR1UMSoTfV87paeUSqQ-J8q5LchS2K0W9HQ8.eyJ1IjoiaHR0cHM6Ly93d3cuc2dranBwLmNoL2ZpbGVhZG1pbi9TR0tKUFAvdXNlcl91cGxvYWQvZG9jdW1lbnRzL1JhZG9idWxqYWNfRVNDQVBTdGF0ZW1lbnRHZW5kZXJkeXNwaG9yaWFfMjAyNC5wZGYiLCJyIjoiZDFkNTQ2OGUtMzBiMi00MzRlLTlhODEtMmU4Yzc4MzU0MDQwIiwibSI6Im1haWwiLCJjIjoiMzBmNDEzMzItYmY1ZC00ZjA0LWJlMTMtOWQ5NDlmYWFhMTQ2In0\" target=\"_blank\" rel=\"noreferrer noopener\"><strong>,<\/strong><\/a> bedeutet der aktuelle Wissensstand zum Ph\u00e4nomen der Jugendlichen, die sich als gegengeschlechtlich bezeichnen, dass es vorzuziehen ist, eine Haltung des wachsamen Abwartens einzunehmen, anstatt auf Behandlungen mit schwerwiegenden Folgen zur\u00fcckzugreifen. SSPPEA, der &nbsp;<a href=\"https:\/\/www.sgkjpp.ch\/\" target=\"_blank\" rel=\"noreferrer noopener\"><strong>Schweizerischen Gesellschaft f\u00fcr Kinder- und Jugendpsychiatrie und -psychotherapie<\/strong><\/a>, die dieser Dachorganisation angeschlossen ist, hat diese Position \u00fcbernommen. Die Vorsicht der Eltern ist daher gerechtfertigt, und es ist untragbar, dass die legitime Schutzpflicht der Erziehungsberechtigten missachtet wird. <\/p>\n<p><strong>Kinder und junge Erwachsene, die ihren K\u00f6rper ablehnen, verdienen eine evidenzbasierte und ideologiefreie professionelle Unterst\u00fctzung, wie es in jedem anderen Bereich der Medizin der Fall ist. Unterzeichnen Sie unseren &nbsp;<\/strong><a href=\"https:\/\/amqg-aufg.org\/de\/der-aufruf-der-amqg\/\" target=\"_blank\" rel=\"noreferrer noopener\"><strong>Aufruf <\/strong><\/a><strong>zur Einhaltung des Vorsorgeprinzips.<\/strong><\/p><\/p>\n","protected":false},"excerpt":{"rendered":"<p>Die Eltern der AMQG haben es immer wieder geh\u00f6rt: Die Detransition betreffe 1 % der \u201etransgender\u201c Jugendlichen. Und doch beginnen seit einigen Jahren, bei uns wie anderswo, die Geschichten von Personen, die ihre Medizinalisierung bereuen und ihre \u201etransgender\u201c Identit\u00e4t aufgeben, aufzutauchen. Im Jahr 2021 ver\u00f6ffentlichte Janick Christen sein Buch&nbsp;Ich glaubte, ein Mann zu sein. Sie [&hellip;]<\/p>\n","protected":false},"author":5,"featured_media":0,"comment_status":"closed","ping_status":"open","sticky":false,"template":"","format":"standard","meta":{"footnotes":""},"categories":[27,36,29,31],"tags":[],"class_list":["post-4340","post","type-post","status-publish","format-standard","hentry","category-blog","category-national","category-ressourcen","category-startseite"],"yoast_head":"<!-- This site is optimized with the Yoast SEO plugin v27.1.1 - https:\/\/yoast.com\/product\/yoast-seo-wordpress\/ -->\n<title>Detransition, Bestandsaufnahme in der Schweiz - AUFG - Verein f\u00fcr einen angemessenen Umgang mit Geschlechterfragen bei jungen Menschen<\/title>\n<meta name=\"robots\" content=\"index, follow, max-snippet:-1, max-image-preview:large, max-video-preview:-1\" \/>\n<link rel=\"canonical\" href=\"https:\/\/amqg-aufg.org\/de\/2025\/11\/22\/detransition-bestandsaufnahme-in-der-schweiz\/\" \/>\n<meta property=\"og:locale\" content=\"de_DE\" \/>\n<meta property=\"og:type\" content=\"article\" \/>\n<meta property=\"og:title\" content=\"Detransition, Bestandsaufnahme in der Schweiz - AUFG - Verein f\u00fcr einen angemessenen Umgang mit Geschlechterfragen bei jungen Menschen\" \/>\n<meta property=\"og:description\" content=\"Die Eltern der AMQG haben es immer wieder geh\u00f6rt: Die Detransition betreffe 1 % der \u201etransgender\u201c Jugendlichen. Und doch beginnen seit einigen Jahren, bei uns wie anderswo, die Geschichten von Personen, die ihre Medizinalisierung bereuen und ihre \u201etransgender\u201c Identit\u00e4t aufgeben, aufzutauchen. Im Jahr 2021 ver\u00f6ffentlichte Janick Christen sein Buch&nbsp;Ich glaubte, ein Mann zu sein. Sie [&hellip;]\" \/>\n<meta property=\"og:url\" content=\"https:\/\/amqg-aufg.org\/de\/2025\/11\/22\/detransition-bestandsaufnahme-in-der-schweiz\/\" \/>\n<meta property=\"og:site_name\" content=\"AUFG - Verein f\u00fcr einen angemessenen Umgang mit Geschlechterfragen bei jungen Menschen\" \/>\n<meta property=\"article:published_time\" content=\"2025-11-22T16:08:28+00:00\" \/>\n<meta name=\"author\" content=\"Everyone-AMQG\" \/>\n<meta name=\"twitter:card\" content=\"summary_large_image\" \/>\n<meta name=\"twitter:label1\" content=\"Verfasst von\" \/>\n\t<meta name=\"twitter:data1\" content=\"Everyone-AMQG\" \/>\n\t<meta name=\"twitter:label2\" content=\"Gesch\u00e4tzte Lesezeit\" \/>\n\t<meta name=\"twitter:data2\" content=\"3\u00a0Minute\" \/>\n<script type=\"application\/ld+json\" class=\"yoast-schema-graph\">{\"@context\":\"https:\/\/schema.org\",\"@graph\":[{\"@type\":\"Article\",\"@id\":\"https:\/\/amqg-aufg.org\/de\/2025\/11\/22\/detransition-bestandsaufnahme-in-der-schweiz\/#article\",\"isPartOf\":{\"@id\":\"https:\/\/amqg-aufg.org\/de\/2025\/11\/22\/detransition-bestandsaufnahme-in-der-schweiz\/\"},\"author\":{\"name\":\"Everyone-AMQG\",\"@id\":\"https:\/\/amqg-aufg.org\/de\/#\/schema\/person\/8c4fab2eb8a72320ab1b9a680dffb9ac\"},\"headline\":\"Detransition, Bestandsaufnahme in der Schweiz\",\"datePublished\":\"2025-11-22T16:08:28+00:00\",\"mainEntityOfPage\":{\"@id\":\"https:\/\/amqg-aufg.org\/de\/2025\/11\/22\/detransition-bestandsaufnahme-in-der-schweiz\/\"},\"wordCount\":682,\"articleSection\":[\"Blog\",\"National\",\"Ressourcen\",\"Startseite\"],\"inLanguage\":\"de\"},{\"@type\":\"WebPage\",\"@id\":\"https:\/\/amqg-aufg.org\/de\/2025\/11\/22\/detransition-bestandsaufnahme-in-der-schweiz\/\",\"url\":\"https:\/\/amqg-aufg.org\/de\/2025\/11\/22\/detransition-bestandsaufnahme-in-der-schweiz\/\",\"name\":\"Detransition, Bestandsaufnahme in der Schweiz - AUFG - Verein f\u00fcr einen angemessenen Umgang mit Geschlechterfragen bei jungen Menschen\",\"isPartOf\":{\"@id\":\"https:\/\/amqg-aufg.org\/de\/#website\"},\"datePublished\":\"2025-11-22T16:08:28+00:00\",\"author\":{\"@id\":\"https:\/\/amqg-aufg.org\/de\/#\/schema\/person\/8c4fab2eb8a72320ab1b9a680dffb9ac\"},\"breadcrumb\":{\"@id\":\"https:\/\/amqg-aufg.org\/de\/2025\/11\/22\/detransition-bestandsaufnahme-in-der-schweiz\/#breadcrumb\"},\"inLanguage\":\"de\",\"potentialAction\":[{\"@type\":\"ReadAction\",\"target\":[\"https:\/\/amqg-aufg.org\/de\/2025\/11\/22\/detransition-bestandsaufnahme-in-der-schweiz\/\"]}]},{\"@type\":\"BreadcrumbList\",\"@id\":\"https:\/\/amqg-aufg.org\/de\/2025\/11\/22\/detransition-bestandsaufnahme-in-der-schweiz\/#breadcrumb\",\"itemListElement\":[{\"@type\":\"ListItem\",\"position\":1,\"name\":\"Accueil\",\"item\":\"https:\/\/amqg-aufg.org\/de\/\"},{\"@type\":\"ListItem\",\"position\":2,\"name\":\"Detransition, Bestandsaufnahme in der Schweiz\"}]},{\"@type\":\"WebSite\",\"@id\":\"https:\/\/amqg-aufg.org\/de\/#website\",\"url\":\"https:\/\/amqg-aufg.org\/de\/\",\"name\":\"AUFG - Verein f\u00fcr einen angemessenen Umgang mit Geschlechterfragen bei jungen Menschen\",\"description\":\"Sektion Deutschschweiz\",\"potentialAction\":[{\"@type\":\"SearchAction\",\"target\":{\"@type\":\"EntryPoint\",\"urlTemplate\":\"https:\/\/amqg-aufg.org\/de\/?s={search_term_string}\"},\"query-input\":{\"@type\":\"PropertyValueSpecification\",\"valueRequired\":true,\"valueName\":\"search_term_string\"}}],\"inLanguage\":\"de\"},{\"@type\":\"Person\",\"@id\":\"https:\/\/amqg-aufg.org\/de\/#\/schema\/person\/8c4fab2eb8a72320ab1b9a680dffb9ac\",\"name\":\"Everyone-AMQG\",\"image\":{\"@type\":\"ImageObject\",\"inLanguage\":\"de\",\"@id\":\"https:\/\/amqg-aufg.org\/de\/#\/schema\/person\/image\/\",\"url\":\"https:\/\/secure.gravatar.com\/avatar\/86092378332ab6216c084a30220850fd1d7a706cf5733646f9e1d69b1d865743?s=96&d=mm&r=g\",\"contentUrl\":\"https:\/\/secure.gravatar.com\/avatar\/86092378332ab6216c084a30220850fd1d7a706cf5733646f9e1d69b1d865743?s=96&d=mm&r=g\",\"caption\":\"Everyone-AMQG\"},\"url\":\"https:\/\/amqg-aufg.org\/de\/author\/everyone-amqg\/\"}]}<\/script>\n<!-- \/ Yoast SEO plugin. -->","yoast_head_json":{"title":"Detransition, Bestandsaufnahme in der Schweiz - AUFG - Verein f\u00fcr einen angemessenen Umgang mit Geschlechterfragen bei jungen Menschen","robots":{"index":"index","follow":"follow","max-snippet":"max-snippet:-1","max-image-preview":"max-image-preview:large","max-video-preview":"max-video-preview:-1"},"canonical":"https:\/\/amqg-aufg.org\/de\/2025\/11\/22\/detransition-bestandsaufnahme-in-der-schweiz\/","og_locale":"de_DE","og_type":"article","og_title":"Detransition, Bestandsaufnahme in der Schweiz - AUFG - Verein f\u00fcr einen angemessenen Umgang mit Geschlechterfragen bei jungen Menschen","og_description":"Die Eltern der AMQG haben es immer wieder geh\u00f6rt: Die Detransition betreffe 1 % der \u201etransgender\u201c Jugendlichen. Und doch beginnen seit einigen Jahren, bei uns wie anderswo, die Geschichten von Personen, die ihre Medizinalisierung bereuen und ihre \u201etransgender\u201c Identit\u00e4t aufgeben, aufzutauchen. Im Jahr 2021 ver\u00f6ffentlichte Janick Christen sein Buch&nbsp;Ich glaubte, ein Mann zu sein. Sie [&hellip;]","og_url":"https:\/\/amqg-aufg.org\/de\/2025\/11\/22\/detransition-bestandsaufnahme-in-der-schweiz\/","og_site_name":"AUFG - Verein f\u00fcr einen angemessenen Umgang mit Geschlechterfragen bei jungen Menschen","article_published_time":"2025-11-22T16:08:28+00:00","author":"Everyone-AMQG","twitter_card":"summary_large_image","twitter_misc":{"Verfasst von":"Everyone-AMQG","Gesch\u00e4tzte Lesezeit":"3\u00a0Minute"},"schema":{"@context":"https:\/\/schema.org","@graph":[{"@type":"Article","@id":"https:\/\/amqg-aufg.org\/de\/2025\/11\/22\/detransition-bestandsaufnahme-in-der-schweiz\/#article","isPartOf":{"@id":"https:\/\/amqg-aufg.org\/de\/2025\/11\/22\/detransition-bestandsaufnahme-in-der-schweiz\/"},"author":{"name":"Everyone-AMQG","@id":"https:\/\/amqg-aufg.org\/de\/#\/schema\/person\/8c4fab2eb8a72320ab1b9a680dffb9ac"},"headline":"Detransition, Bestandsaufnahme in der Schweiz","datePublished":"2025-11-22T16:08:28+00:00","mainEntityOfPage":{"@id":"https:\/\/amqg-aufg.org\/de\/2025\/11\/22\/detransition-bestandsaufnahme-in-der-schweiz\/"},"wordCount":682,"articleSection":["Blog","National","Ressourcen","Startseite"],"inLanguage":"de"},{"@type":"WebPage","@id":"https:\/\/amqg-aufg.org\/de\/2025\/11\/22\/detransition-bestandsaufnahme-in-der-schweiz\/","url":"https:\/\/amqg-aufg.org\/de\/2025\/11\/22\/detransition-bestandsaufnahme-in-der-schweiz\/","name":"Detransition, Bestandsaufnahme in der Schweiz - AUFG - Verein f\u00fcr einen angemessenen Umgang mit Geschlechterfragen bei jungen Menschen","isPartOf":{"@id":"https:\/\/amqg-aufg.org\/de\/#website"},"datePublished":"2025-11-22T16:08:28+00:00","author":{"@id":"https:\/\/amqg-aufg.org\/de\/#\/schema\/person\/8c4fab2eb8a72320ab1b9a680dffb9ac"},"breadcrumb":{"@id":"https:\/\/amqg-aufg.org\/de\/2025\/11\/22\/detransition-bestandsaufnahme-in-der-schweiz\/#breadcrumb"},"inLanguage":"de","potentialAction":[{"@type":"ReadAction","target":["https:\/\/amqg-aufg.org\/de\/2025\/11\/22\/detransition-bestandsaufnahme-in-der-schweiz\/"]}]},{"@type":"BreadcrumbList","@id":"https:\/\/amqg-aufg.org\/de\/2025\/11\/22\/detransition-bestandsaufnahme-in-der-schweiz\/#breadcrumb","itemListElement":[{"@type":"ListItem","position":1,"name":"Accueil","item":"https:\/\/amqg-aufg.org\/de\/"},{"@type":"ListItem","position":2,"name":"Detransition, Bestandsaufnahme in der Schweiz"}]},{"@type":"WebSite","@id":"https:\/\/amqg-aufg.org\/de\/#website","url":"https:\/\/amqg-aufg.org\/de\/","name":"AUFG - Verein f\u00fcr einen angemessenen Umgang mit Geschlechterfragen bei jungen Menschen","description":"Sektion Deutschschweiz","potentialAction":[{"@type":"SearchAction","target":{"@type":"EntryPoint","urlTemplate":"https:\/\/amqg-aufg.org\/de\/?s={search_term_string}"},"query-input":{"@type":"PropertyValueSpecification","valueRequired":true,"valueName":"search_term_string"}}],"inLanguage":"de"},{"@type":"Person","@id":"https:\/\/amqg-aufg.org\/de\/#\/schema\/person\/8c4fab2eb8a72320ab1b9a680dffb9ac","name":"Everyone-AMQG","image":{"@type":"ImageObject","inLanguage":"de","@id":"https:\/\/amqg-aufg.org\/de\/#\/schema\/person\/image\/","url":"https:\/\/secure.gravatar.com\/avatar\/86092378332ab6216c084a30220850fd1d7a706cf5733646f9e1d69b1d865743?s=96&d=mm&r=g","contentUrl":"https:\/\/secure.gravatar.com\/avatar\/86092378332ab6216c084a30220850fd1d7a706cf5733646f9e1d69b1d865743?s=96&d=mm&r=g","caption":"Everyone-AMQG"},"url":"https:\/\/amqg-aufg.org\/de\/author\/everyone-amqg\/"}]}},"_links":{"self":[{"href":"https:\/\/amqg-aufg.org\/de\/wp-json\/wp\/v2\/posts\/4340","targetHints":{"allow":["GET"]}}],"collection":[{"href":"https:\/\/amqg-aufg.org\/de\/wp-json\/wp\/v2\/posts"}],"about":[{"href":"https:\/\/amqg-aufg.org\/de\/wp-json\/wp\/v2\/types\/post"}],"author":[{"embeddable":true,"href":"https:\/\/amqg-aufg.org\/de\/wp-json\/wp\/v2\/users\/5"}],"replies":[{"embeddable":true,"href":"https:\/\/amqg-aufg.org\/de\/wp-json\/wp\/v2\/comments?post=4340"}],"version-history":[{"count":0,"href":"https:\/\/amqg-aufg.org\/de\/wp-json\/wp\/v2\/posts\/4340\/revisions"}],"wp:attachment":[{"href":"https:\/\/amqg-aufg.org\/de\/wp-json\/wp\/v2\/media?parent=4340"}],"wp:term":[{"taxonomy":"category","embeddable":true,"href":"https:\/\/amqg-aufg.org\/de\/wp-json\/wp\/v2\/categories?post=4340"},{"taxonomy":"post_tag","embeddable":true,"href":"https:\/\/amqg-aufg.org\/de\/wp-json\/wp\/v2\/tags?post=4340"}],"curies":[{"name":"wp","href":"https:\/\/api.w.org\/{rel}","templated":true}]}}