{"id":4342,"date":"2025-11-22T16:02:41","date_gmt":"2025-11-22T15:02:41","guid":{"rendered":"https:\/\/amqg-aufg.org\/2025\/11\/22\/die-weitere-reise-wege-nach-der-transition\/"},"modified":"2025-11-24T10:44:54","modified_gmt":"2025-11-24T09:44:54","slug":"die-weitere-reise-wege-nach-der-transition","status":"publish","type":"post","link":"https:\/\/amqg-aufg.org\/de\/2025\/11\/22\/die-weitere-reise-wege-nach-der-transition\/","title":{"rendered":"Die weitere Reise, Wege nach der Transition"},"content":{"rendered":"<section  class='av_textblock_section av-miafyhak-f1bbe1b1e8733e392e3983d8feec2417 '   itemscope=\"itemscope\" itemtype=\"https:\/\/schema.org\/BlogPosting\" itemprop=\"blogPost\" ><div class='avia_textblock'  itemprop=\"text\" ><p><strong>Die weitere Reise, Wege nach der Transition<\/strong><\/p>\n<\/div><\/section>\n\n<style type=\"text\/css\" data-created_by=\"avia_inline_auto\" id=\"style-css-av-miafwpos-47855e167831c4bf951c7552e58e7dcb\">\n.avia-image-container.av-miafwpos-47855e167831c4bf951c7552e58e7dcb img.avia_image{\nbox-shadow:none;\n}\n.avia-image-container.av-miafwpos-47855e167831c4bf951c7552e58e7dcb .av-image-caption-overlay-center{\ncolor:#ffffff;\n}\n<\/style>\n<div  class='avia-image-container av-miafwpos-47855e167831c4bf951c7552e58e7dcb av-styling- avia-align-center  avia-builder-el-1  el_after_av_textblock  el_before_av_textblock '   itemprop=\"image\" itemscope=\"itemscope\" itemtype=\"https:\/\/schema.org\/ImageObject\" ><div class=\"avia-image-container-inner\"><div class=\"avia-image-overlay-wrap\"><img decoding=\"async\" fetchpriority=\"high\" class='wp-image-4341 avia-img-lazy-loading-not-4341 avia_image ' src=\"https:\/\/amqg-aufg.org\/wp-content\/uploads\/2025\/11\/Capture-decran-2025-11-22-a-16.21.35.png\" alt='' title='\u00a9Matthieu Zellweger Fotografie'  height=\"1318\" width=\"2080\"  itemprop=\"thumbnailUrl\" srcset=\"https:\/\/amqg-aufg.org\/wp-content\/uploads\/2025\/11\/Capture-decran-2025-11-22-a-16.21.35.png 2080w, https:\/\/amqg-aufg.org\/wp-content\/uploads\/2025\/11\/Capture-decran-2025-11-22-a-16.21.35-300x190.png 300w, https:\/\/amqg-aufg.org\/wp-content\/uploads\/2025\/11\/Capture-decran-2025-11-22-a-16.21.35-1030x653.png 1030w, https:\/\/amqg-aufg.org\/wp-content\/uploads\/2025\/11\/Capture-decran-2025-11-22-a-16.21.35-768x487.png 768w, https:\/\/amqg-aufg.org\/wp-content\/uploads\/2025\/11\/Capture-decran-2025-11-22-a-16.21.35-1536x973.png 1536w, https:\/\/amqg-aufg.org\/wp-content\/uploads\/2025\/11\/Capture-decran-2025-11-22-a-16.21.35-2048x1298.png 2048w, https:\/\/amqg-aufg.org\/wp-content\/uploads\/2025\/11\/Capture-decran-2025-11-22-a-16.21.35-1500x950.png 1500w, https:\/\/amqg-aufg.org\/wp-content\/uploads\/2025\/11\/Capture-decran-2025-11-22-a-16.21.35-705x447.png 705w, https:\/\/amqg-aufg.org\/wp-content\/uploads\/2025\/11\/Capture-decran-2025-11-22-a-16.21.35-1320x836.png 1320w\" sizes=\"(max-width: 2080px) 100vw, 2080px\" \/><\/div><\/div><\/div>\n<section  class='av_textblock_section av-miaf3vwl-a3a7b3bd9d9d290459ce503bfd06d749 '   itemscope=\"itemscope\" itemtype=\"https:\/\/schema.org\/BlogPosting\" itemprop=\"blogPost\" ><div class='avia_textblock'  itemprop=\"text\" ><p><strong>Ein Fotoprojekt von Matthieu Zellweger<\/strong><\/p>\n<p><a href=\"https:\/\/matthieuzellweger.com\/fr\/photographies\/la-suite-du-voyage\">https:\/\/matthieuzellweger.com\/fr\/photographies\/la-suite-du-voyage<\/a><\/p>\n<p><a href=\"https:\/\/amqg-aufg.org\/wp-content\/uploads\/2025\/11\/ILHP2025_09_0030_0035_DETRANSITION.pdf\">Artikel in L&#8217;Illustr\u00e9 vom 27. Februar 2025<\/a><\/p>\n<p>\u201eNiemand wei\u00df genau, wie viele Menschen betroffen sind. Wenige sind bereit, offen zu sprechen, aus Angst vor \u00c4chtung oder Ablehnung. Es ist in der Praxis nicht einfach, sich aus einer Minderheit zu l\u00f6sen, um sich einer noch kleineren Minderheit anzuschlie\u00dfen, und das in einem gesellschaftlichen Kontext, der die erste feiert und \u201ebest\u00e4tigt\u201c, w\u00e4hrend er die zweite unsichtbar macht. Es ist auch nicht einfach, offen zu einem Irrtum mit oft schwerwiegenden Folgen zu stehen und ins Ungewisse zu tauchen, in einen Bereich, in dem niemand wei\u00df, was das Leben bietet oder nimmt.\u201c   <\/p>\n<p>Sicher ist, dass diese Menschen existieren und ihre Zahl zunimmt. Sie haben gemeinsam, dass sie eine medizinische oder chirurgische Geschlechtsangleichung vorgenommen und sich irgendwann entschieden haben, diesen Weg zu verlassen. Sie haben die Hormonbehandlungen eingestellt und sich mit sich selbst vers\u00f6hnt. Soweit m\u00f6glich, haben sie auch ihrer Geburtsphysiologie wieder die Oberhand gelassen. Chirurgische Eingriffe sind selbstverst\u00e4ndlich endg\u00fcltig.    <\/p>\n<p>Dann beginnt ein langer Weg. Keine R\u00fcckkehr, keine Detransition, nur ein Weg voller Fragen zu einer Realit\u00e4t, die niemand kennt und deren Zusammenh\u00e4nge erst in mehreren Jahren, wenn nicht Jahrzehnten, verstanden werden. Was geschieht mit einem Organismus, der jahrelang Sexualhormone des anderen Geschlechts eingenommen hat? Wie kann man sich psychisch wieder aufbauen, wenn K\u00f6rperteile, die der Fruchtbarkeit, dem Vergn\u00fcgen und dem Selbstwertgef\u00fchl dienen, chirurgisch entfernt wurden? Wie kann man sich mit seinem Bild vers\u00f6hnen, wenn die Gesellschaft einen als eine Person wahrnimmt, die man nicht ist? Wie kann man die Zukunft planen, wenn man nicht einmal wei\u00df, ob die begonnenen Behandlungen kurz- oder mittelfristig einen entscheidenden Einfluss auf die Lebenserwartung haben werden?     <\/p>\n<p>\u201eAll diese Fragen sind unbeantwortet. Sie werden es noch lange bleiben. Doch angesichts der m\u00f6glichen Zweifel, der somatischen oder psychologischen Sch\u00e4den, der als einfach dargestellten und sich als sch\u00e4dlich erwiesenen L\u00f6sungen schlagen alle Personen, die f\u00fcr diese Arbeit Zeugnis abgelegt haben, einen Ansatz vor, der in ihren Erfahrungen verwurzelt ist: nachdenken, sehr detailliert nachdenken, bevor man eine Geschlechtsangleichung vornimmt.\u201c  <\/p>\n<p>Matthieu Zellweger<\/p>\n<p>Fotografie \u00a9 Matthieu Zellweger<\/p>\n<\/div><\/section>\n","protected":false},"excerpt":{"rendered":"","protected":false},"author":5,"featured_media":0,"comment_status":"closed","ping_status":"open","sticky":false,"template":"","format":"standard","meta":{"footnotes":""},"categories":[30,27,29,31],"tags":[],"class_list":["post-4342","post","type-post","status-publish","format-standard","hentry","category-bestandsaufnahme","category-blog","category-ressourcen","category-startseite"],"yoast_head":"<!-- This site is optimized with the Yoast SEO plugin v27.1.1 - https:\/\/yoast.com\/product\/yoast-seo-wordpress\/ -->\n<title>Die weitere Reise, Wege nach der Transition - AUFG - Verein f\u00fcr einen angemessenen Umgang mit Geschlechterfragen bei jungen Menschen<\/title>\n<meta name=\"robots\" content=\"index, follow, max-snippet:-1, max-image-preview:large, max-video-preview:-1\" \/>\n<link rel=\"canonical\" href=\"https:\/\/amqg-aufg.org\/de\/2025\/11\/22\/die-weitere-reise-wege-nach-der-transition\/\" \/>\n<meta property=\"og:locale\" content=\"de_DE\" \/>\n<meta property=\"og:type\" content=\"article\" \/>\n<meta property=\"og:title\" content=\"Die weitere Reise, Wege nach der Transition - AUFG - Verein f\u00fcr einen angemessenen Umgang mit Geschlechterfragen bei jungen Menschen\" \/>\n<meta property=\"og:url\" content=\"https:\/\/amqg-aufg.org\/de\/2025\/11\/22\/die-weitere-reise-wege-nach-der-transition\/\" \/>\n<meta property=\"og:site_name\" content=\"AUFG - Verein f\u00fcr einen angemessenen Umgang mit Geschlechterfragen bei jungen Menschen\" \/>\n<meta property=\"article:published_time\" content=\"2025-11-22T15:02:41+00:00\" \/>\n<meta property=\"article:modified_time\" content=\"2025-11-24T09:44:54+00:00\" \/>\n<meta name=\"author\" content=\"Everyone-AMQG\" \/>\n<meta name=\"twitter:card\" content=\"summary_large_image\" \/>\n<meta name=\"twitter:label1\" content=\"Verfasst von\" \/>\n\t<meta name=\"twitter:data1\" content=\"Everyone-AMQG\" \/>\n\t<meta name=\"twitter:label2\" content=\"Gesch\u00e4tzte Lesezeit\" \/>\n\t<meta name=\"twitter:data2\" content=\"5\u00a0Minute\" \/>\n<script type=\"application\/ld+json\" class=\"yoast-schema-graph\">{\"@context\":\"https:\/\/schema.org\",\"@graph\":[{\"@type\":\"Article\",\"@id\":\"https:\/\/amqg-aufg.org\/de\/2025\/11\/22\/die-weitere-reise-wege-nach-der-transition\/#article\",\"isPartOf\":{\"@id\":\"https:\/\/amqg-aufg.org\/de\/2025\/11\/22\/die-weitere-reise-wege-nach-der-transition\/\"},\"author\":{\"name\":\"Everyone-AMQG\",\"@id\":\"https:\/\/amqg-aufg.org\/de\/#\/schema\/person\/8c4fab2eb8a72320ab1b9a680dffb9ac\"},\"headline\":\"Die weitere Reise, Wege nach der Transition\",\"datePublished\":\"2025-11-22T15:02:41+00:00\",\"dateModified\":\"2025-11-24T09:44:54+00:00\",\"mainEntityOfPage\":{\"@id\":\"https:\/\/amqg-aufg.org\/de\/2025\/11\/22\/die-weitere-reise-wege-nach-der-transition\/\"},\"wordCount\":889,\"articleSection\":[\"Bestandsaufnahme\",\"Blog\",\"Ressourcen\",\"Startseite\"],\"inLanguage\":\"de\"},{\"@type\":\"WebPage\",\"@id\":\"https:\/\/amqg-aufg.org\/de\/2025\/11\/22\/die-weitere-reise-wege-nach-der-transition\/\",\"url\":\"https:\/\/amqg-aufg.org\/de\/2025\/11\/22\/die-weitere-reise-wege-nach-der-transition\/\",\"name\":\"Die weitere Reise, Wege nach der Transition - AUFG - Verein f\u00fcr einen angemessenen Umgang mit Geschlechterfragen bei jungen Menschen\",\"isPartOf\":{\"@id\":\"https:\/\/amqg-aufg.org\/de\/#website\"},\"datePublished\":\"2025-11-22T15:02:41+00:00\",\"dateModified\":\"2025-11-24T09:44:54+00:00\",\"author\":{\"@id\":\"https:\/\/amqg-aufg.org\/de\/#\/schema\/person\/8c4fab2eb8a72320ab1b9a680dffb9ac\"},\"breadcrumb\":{\"@id\":\"https:\/\/amqg-aufg.org\/de\/2025\/11\/22\/die-weitere-reise-wege-nach-der-transition\/#breadcrumb\"},\"inLanguage\":\"de\",\"potentialAction\":[{\"@type\":\"ReadAction\",\"target\":[\"https:\/\/amqg-aufg.org\/de\/2025\/11\/22\/die-weitere-reise-wege-nach-der-transition\/\"]}]},{\"@type\":\"BreadcrumbList\",\"@id\":\"https:\/\/amqg-aufg.org\/de\/2025\/11\/22\/die-weitere-reise-wege-nach-der-transition\/#breadcrumb\",\"itemListElement\":[{\"@type\":\"ListItem\",\"position\":1,\"name\":\"Accueil\",\"item\":\"https:\/\/amqg-aufg.org\/de\/\"},{\"@type\":\"ListItem\",\"position\":2,\"name\":\"Die weitere Reise, Wege nach der Transition\"}]},{\"@type\":\"WebSite\",\"@id\":\"https:\/\/amqg-aufg.org\/de\/#website\",\"url\":\"https:\/\/amqg-aufg.org\/de\/\",\"name\":\"AUFG - Verein f\u00fcr einen angemessenen Umgang mit Geschlechterfragen bei jungen Menschen\",\"description\":\"Sektion Deutschschweiz\",\"potentialAction\":[{\"@type\":\"SearchAction\",\"target\":{\"@type\":\"EntryPoint\",\"urlTemplate\":\"https:\/\/amqg-aufg.org\/de\/?s={search_term_string}\"},\"query-input\":{\"@type\":\"PropertyValueSpecification\",\"valueRequired\":true,\"valueName\":\"search_term_string\"}}],\"inLanguage\":\"de\"},{\"@type\":\"Person\",\"@id\":\"https:\/\/amqg-aufg.org\/de\/#\/schema\/person\/8c4fab2eb8a72320ab1b9a680dffb9ac\",\"name\":\"Everyone-AMQG\",\"image\":{\"@type\":\"ImageObject\",\"inLanguage\":\"de\",\"@id\":\"https:\/\/amqg-aufg.org\/de\/#\/schema\/person\/image\/\",\"url\":\"https:\/\/secure.gravatar.com\/avatar\/86092378332ab6216c084a30220850fd1d7a706cf5733646f9e1d69b1d865743?s=96&d=mm&r=g\",\"contentUrl\":\"https:\/\/secure.gravatar.com\/avatar\/86092378332ab6216c084a30220850fd1d7a706cf5733646f9e1d69b1d865743?s=96&d=mm&r=g\",\"caption\":\"Everyone-AMQG\"},\"url\":\"https:\/\/amqg-aufg.org\/de\/author\/everyone-amqg\/\"}]}<\/script>\n<!-- \/ Yoast SEO plugin. -->","yoast_head_json":{"title":"Die weitere Reise, Wege nach der Transition - AUFG - Verein f\u00fcr einen angemessenen Umgang mit Geschlechterfragen bei jungen Menschen","robots":{"index":"index","follow":"follow","max-snippet":"max-snippet:-1","max-image-preview":"max-image-preview:large","max-video-preview":"max-video-preview:-1"},"canonical":"https:\/\/amqg-aufg.org\/de\/2025\/11\/22\/die-weitere-reise-wege-nach-der-transition\/","og_locale":"de_DE","og_type":"article","og_title":"Die weitere Reise, Wege nach der Transition - AUFG - Verein f\u00fcr einen angemessenen Umgang mit Geschlechterfragen bei jungen Menschen","og_url":"https:\/\/amqg-aufg.org\/de\/2025\/11\/22\/die-weitere-reise-wege-nach-der-transition\/","og_site_name":"AUFG - Verein f\u00fcr einen angemessenen Umgang mit Geschlechterfragen bei jungen Menschen","article_published_time":"2025-11-22T15:02:41+00:00","article_modified_time":"2025-11-24T09:44:54+00:00","author":"Everyone-AMQG","twitter_card":"summary_large_image","twitter_misc":{"Verfasst von":"Everyone-AMQG","Gesch\u00e4tzte Lesezeit":"5\u00a0Minute"},"schema":{"@context":"https:\/\/schema.org","@graph":[{"@type":"Article","@id":"https:\/\/amqg-aufg.org\/de\/2025\/11\/22\/die-weitere-reise-wege-nach-der-transition\/#article","isPartOf":{"@id":"https:\/\/amqg-aufg.org\/de\/2025\/11\/22\/die-weitere-reise-wege-nach-der-transition\/"},"author":{"name":"Everyone-AMQG","@id":"https:\/\/amqg-aufg.org\/de\/#\/schema\/person\/8c4fab2eb8a72320ab1b9a680dffb9ac"},"headline":"Die weitere Reise, Wege nach der Transition","datePublished":"2025-11-22T15:02:41+00:00","dateModified":"2025-11-24T09:44:54+00:00","mainEntityOfPage":{"@id":"https:\/\/amqg-aufg.org\/de\/2025\/11\/22\/die-weitere-reise-wege-nach-der-transition\/"},"wordCount":889,"articleSection":["Bestandsaufnahme","Blog","Ressourcen","Startseite"],"inLanguage":"de"},{"@type":"WebPage","@id":"https:\/\/amqg-aufg.org\/de\/2025\/11\/22\/die-weitere-reise-wege-nach-der-transition\/","url":"https:\/\/amqg-aufg.org\/de\/2025\/11\/22\/die-weitere-reise-wege-nach-der-transition\/","name":"Die weitere Reise, Wege nach der Transition - AUFG - Verein f\u00fcr einen angemessenen Umgang mit Geschlechterfragen bei jungen Menschen","isPartOf":{"@id":"https:\/\/amqg-aufg.org\/de\/#website"},"datePublished":"2025-11-22T15:02:41+00:00","dateModified":"2025-11-24T09:44:54+00:00","author":{"@id":"https:\/\/amqg-aufg.org\/de\/#\/schema\/person\/8c4fab2eb8a72320ab1b9a680dffb9ac"},"breadcrumb":{"@id":"https:\/\/amqg-aufg.org\/de\/2025\/11\/22\/die-weitere-reise-wege-nach-der-transition\/#breadcrumb"},"inLanguage":"de","potentialAction":[{"@type":"ReadAction","target":["https:\/\/amqg-aufg.org\/de\/2025\/11\/22\/die-weitere-reise-wege-nach-der-transition\/"]}]},{"@type":"BreadcrumbList","@id":"https:\/\/amqg-aufg.org\/de\/2025\/11\/22\/die-weitere-reise-wege-nach-der-transition\/#breadcrumb","itemListElement":[{"@type":"ListItem","position":1,"name":"Accueil","item":"https:\/\/amqg-aufg.org\/de\/"},{"@type":"ListItem","position":2,"name":"Die weitere Reise, Wege nach der Transition"}]},{"@type":"WebSite","@id":"https:\/\/amqg-aufg.org\/de\/#website","url":"https:\/\/amqg-aufg.org\/de\/","name":"AUFG - Verein f\u00fcr einen angemessenen Umgang mit Geschlechterfragen bei jungen Menschen","description":"Sektion Deutschschweiz","potentialAction":[{"@type":"SearchAction","target":{"@type":"EntryPoint","urlTemplate":"https:\/\/amqg-aufg.org\/de\/?s={search_term_string}"},"query-input":{"@type":"PropertyValueSpecification","valueRequired":true,"valueName":"search_term_string"}}],"inLanguage":"de"},{"@type":"Person","@id":"https:\/\/amqg-aufg.org\/de\/#\/schema\/person\/8c4fab2eb8a72320ab1b9a680dffb9ac","name":"Everyone-AMQG","image":{"@type":"ImageObject","inLanguage":"de","@id":"https:\/\/amqg-aufg.org\/de\/#\/schema\/person\/image\/","url":"https:\/\/secure.gravatar.com\/avatar\/86092378332ab6216c084a30220850fd1d7a706cf5733646f9e1d69b1d865743?s=96&d=mm&r=g","contentUrl":"https:\/\/secure.gravatar.com\/avatar\/86092378332ab6216c084a30220850fd1d7a706cf5733646f9e1d69b1d865743?s=96&d=mm&r=g","caption":"Everyone-AMQG"},"url":"https:\/\/amqg-aufg.org\/de\/author\/everyone-amqg\/"}]}},"_links":{"self":[{"href":"https:\/\/amqg-aufg.org\/de\/wp-json\/wp\/v2\/posts\/4342","targetHints":{"allow":["GET"]}}],"collection":[{"href":"https:\/\/amqg-aufg.org\/de\/wp-json\/wp\/v2\/posts"}],"about":[{"href":"https:\/\/amqg-aufg.org\/de\/wp-json\/wp\/v2\/types\/post"}],"author":[{"embeddable":true,"href":"https:\/\/amqg-aufg.org\/de\/wp-json\/wp\/v2\/users\/5"}],"replies":[{"embeddable":true,"href":"https:\/\/amqg-aufg.org\/de\/wp-json\/wp\/v2\/comments?post=4342"}],"version-history":[{"count":3,"href":"https:\/\/amqg-aufg.org\/de\/wp-json\/wp\/v2\/posts\/4342\/revisions"}],"predecessor-version":[{"id":4345,"href":"https:\/\/amqg-aufg.org\/de\/wp-json\/wp\/v2\/posts\/4342\/revisions\/4345"}],"wp:attachment":[{"href":"https:\/\/amqg-aufg.org\/de\/wp-json\/wp\/v2\/media?parent=4342"}],"wp:term":[{"taxonomy":"category","embeddable":true,"href":"https:\/\/amqg-aufg.org\/de\/wp-json\/wp\/v2\/categories?post=4342"},{"taxonomy":"post_tag","embeddable":true,"href":"https:\/\/amqg-aufg.org\/de\/wp-json\/wp\/v2\/tags?post=4342"}],"curies":[{"name":"wp","href":"https:\/\/api.w.org\/{rel}","templated":true}]}}