{"id":4346,"date":"2025-11-20T00:02:56","date_gmt":"2025-11-19T23:02:56","guid":{"rendered":"https:\/\/amqg-aufg.org\/2025\/11\/20\/die-trojanische-pferd-strategie-um-geschlechtsidentitaet-in-den-rechtlichen-und-institutionellen-rahmen-einzufuehren\/"},"modified":"2025-11-24T16:16:53","modified_gmt":"2025-11-24T15:16:53","slug":"die-trojanische-pferd-strategie-um-geschlechtsidentitaet-in-den-rechtlichen-und-institutionellen-rahmen-einzufuehren","status":"publish","type":"post","link":"https:\/\/amqg-aufg.org\/de\/2025\/11\/20\/die-trojanische-pferd-strategie-um-geschlechtsidentitaet-in-den-rechtlichen-und-institutionellen-rahmen-einzufuehren\/","title":{"rendered":"Die Trojanische-Pferd-Strategie, um \u201eGeschlechtsidentit\u00e4t\u201c in den rechtlichen und institutionellen Rahmen einzuf\u00fchren"},"content":{"rendered":"\n<p><strong><span style=\"text-decoration: underline;\">Gesetz zur Geschlechts\u00e4nderung im Zivilstandsregister<\/span><\/strong><\/p>\n\n<p>Die Debatte \u00fcber die Geschlechts\u00e4nderung im Zivilstandsregister hat <strong>die Spaltung des Schweizer Parlaments in der Frage der Transidentit\u00e4t und des Zugangs zur Geschlechts\u00e4nderung f\u00fcr Minderj\u00e4hrige<\/strong> aufgezeigt. F\u00fcr die Gegner der Einf\u00fchrung einer Geschlechts\u00e4nderung im Gesetz (haupts\u00e4chlich die SVP) zwang der Entwurf \u201eeine Subjektivit\u00e4t in ein amtliches Register, das auf objektiven und \u00fcberpr\u00fcfbaren Daten basieren sollte\u201c. Die Mehrheit pl\u00e4dierte daf\u00fcr, \u201eein aufwendiges Verfahren zu erleichtern <strong>und so die zahlreichen Suizide von transgeschlechtlichen oder intersexuellen Jugendlichen zu vermeiden<\/strong>, die sich oft allein mit ihren Fragen und Sorgen wiederfinden.\u201c Die Altersfrage l\u00f6ste zahlreiche Diskussionen aus. Die Linke, angef\u00fchrt von Lisa Mazzone, vertrat die Ansicht, dass Jugendliche ab zw\u00f6lf Jahren urteilsf\u00e4hig sind und ihre streng pers\u00f6nlichen Rechte ohne Zustimmung der Eltern aus\u00fcben k\u00f6nnen m\u00fcssen; die Rechte hob das Risiko hervor, dass Jugendliche einem Modetrend erliegen k\u00f6nnten, und die Verantwortungspflicht der Eltern gegen\u00fcber ihrem Kind.   <\/p>\n\n<p>(<em><a href=\"https:\/\/www.parlament.ch\/fr\/ratsbetrieb\/suche-curia-vista\/geschaeft?AffairId=20190081\">die Zitate stammen aus der Pressemitteilung und den Meldungen der SDA zu den Debatten<\/a><\/em>)<\/p>\n\n<p>Das Gesetz zur \u201eGeschlechts\u00e4nderung im Zivilstandsregister\u201c wurde am 18. Dezember 2020 (33 Ja, 6 Nein, 3 Enthaltungen im St\u00e4nderat; 128, 54, 13 im Nationalrat) verabschiedet, ohne Wissen des Grossteils der Schweizer Bev\u00f6lkerung, da die Medien zu diesem Thema sehr diskret waren. Es hat de facto den Weg f\u00fcr ein \u201etrans-affirmatives\u201c gesellschaftliches und rechtliches Klima geebnet, da es jedem erm\u00f6glicht, der sich dem anderen Geschlecht zugeh\u00f6rig f\u00fchlt, von der Gesellschaft als solches anerkannt zu werden. <\/p>\n\n<p>Irref\u00fchrende Analogien, Intersektionalit\u00e4t und sprachliche Verwirrung werden verwendet, um das ideologische Konzept der \u201eGeschlechtsidentit\u00e4t\u201c in das Gesetz einzuf\u00fchren. Zunehmend ersetzt in den vorgeschlagenen Gesetzestexten das \u201eGender\u201c das \u201ebiologische Geschlecht\u201c, was zu einer Verwischung der im Recht eingef\u00fchrten Besonderheiten f\u00fchrt, die den Schutz von Frauen und die Gleichstellung von Frauen und M\u00e4nnern gew\u00e4hrleisten sollen. <\/p>\n\n<p>Im Dezember 2024 hat das Parlament zugestimmt, die <a href=\"https:\/\/www.swissinfo.ch\/ger\/parlament-will-eine-anti-sexismus-strafnorm-einf%C3%BChren\/88611920\">antirassistische Strafnorm<\/a> auf den Schutz vor Sexismus auszuweiten. W\u00e4hrend der Gesetzestext noch in Bearbeitung ist, schwebt die Idee, dass nicht das biologische Geschlecht, sondern das Gender oder die \u201eGeschlechtsidentit\u00e4t\u201c in den Gesetzestext aufgenommen werden soll, wodurch jede Diskriminierung, die auf einem intimen Empfinden basiert, unter Strafe gestellt w\u00fcrde. <\/p>\n\n<p><strong><span style=\"text-decoration: underline;\">\u201eGeschlechtsidentit\u00e4t\u201c in den kantonalen Gesetzen<\/span><\/strong><\/p>\n\n<p>Im Zuge der Verfassungs\u00e4nderung, die am 1. <sup>Januar<\/sup> 2022 in Kraft trat, wurden mehrere kantonale Gesetze oder Initiativen verabschiedet, die das Konzept der \u201eGeschlechtsidentit\u00e4t\u201c in die Gesetzgebung einf\u00fchren.<\/p>\n\n<p>Genf hat insbesondere das \u201e<a href=\"https:\/\/ge.ch\/grandconseil\/data\/loisvotee\/L12843.pdf\">LED-Gender<\/a>\u201c verabschiedet, um Diskriminierung aufgrund von Gender und biologischem Geschlecht zu bek\u00e4mpfen. Das Gesetz sieht <a href=\"https:\/\/www.ge.ch\/dossier\/egalite-lgbtiq-violences\/plans-action-objectifs\/plan-action-led-genre-2025-2028\">Schulungen und Massnahmen<\/a> vor, um Fachkr\u00e4fte (Polizei, Gesundheitswesen, Bildung) zu schulen und zu sensibilisieren und Massnahmen gegen Diskriminierung aufgrund der \u201eGeschlechtsidentit\u00e4t\u201c zu ergreifen. <\/p>\n\n<p>Mehrere Kantone, insbesondere Waadt und Genf, haben Gesetze erlassen, um Konversionstherapien zu verhindern, wobei das Konzept (durch irref\u00fchrende Analogie zu erzwungenen Konversionen von Homosexuellen) Massnahmen umfasst, die darauf abzielen, die \u201eGeschlechtsidentit\u00e4t\u201c einer Person zu \u00e4ndern. Das Wallis ist diesem Beispiel k\u00fcrzlich gefolgt. <\/p>\n\n<p>In diesem Kontext wurden <a href=\"https:\/\/www.swissinfo.ch\/eng\/demographics\/16-year-old-may-change-gender-entry-without-parental-consent\/88485093\">Eltern<\/a> \u2013 von LGBT-Verb\u00e4nden, Lehrern, Sozialarbeitern, \u00c4rzten, Richtern \u2013 <a href=\"https:\/\/archives.ghi.ch\/transidentite-chez-les-jeunes-va-t-trop-loin\">angezeigt<\/a>, von der Justiz bedroht und haben in den extremsten F\u00e4llen das Sorgerecht f\u00fcr ihr Kind verloren, weil sie sich geweigert hatten, den Vornamen und die Pronomen ihres Kindes zu \u00e4ndern, und weil sie die von \u201espezialisierten\u201c \u00c4rzten empfohlenen Hormon- und chirurgischen Behandlungen in Frage gestellt oder abgelehnt hatten. <\/p>\n\n<p>Im Allgemeinen tr\u00e4gt das vorherrschende politische, soziale und mediale Klima dazu bei, die Verantwortung und Autorit\u00e4t der Eltern zu untergraben.<\/p>\n\n<p><strong>Zu den Methoden von Trans-Aktivisten, um ihre Ziele zu erreichen, lesen Sie:<\/strong><br\/><br\/><a href=\"https:\/\/athena-forum.eu\/\">https:\/\/athena-forum.eu\/<\/a> <\/p>\n\n<p><a href=\"https:\/\/www.spectator.co.uk\/article\/the-document-that-reveals-the-remarkable-tactics-of-trans-lobbyists\/\">https:\/\/www.spectator.co.uk\/article\/the-document-that-reveals-the-remarkable-tactics-of-trans-lobbyists\/<\/a><\/p>\n\n<p><strong><span style=\"text-decoration: underline;\">Die Medizinalisierung von Jugendlichen, die ihr biologisches Geschlecht hinterfragen, wird in Frage gestellt<\/span><\/strong><\/p>\n\n<p>Seit 2021 wurden mehrere Motionen und Interpellationen im Parlament eingereicht, um die Medizinalisierung von Jugendlichen zu hinterfragen, die sich dem anderen Geschlecht zugeh\u00f6rig f\u00fchlen. (siehe Liste unten) <\/p>\n\n<p>Die Antwort des Bundesrates auf diese Initiativen \u2013 die haupts\u00e4chlich von sogenannten \u201ekonservativen\u201c Parteien stammen \u2013 ist ausnahmslos dieselbe: Der BR ist der Ansicht, dass die Zunahme von Jugendlichen, die sich als \u201etrans\u201c bezeichnen und medizinische Behandlungen w\u00fcnschen, nicht auf eine \u201eGender-Ideologie\u201c zur\u00fcckzuf\u00fchren ist, sondern darauf, dass die Gesellschaft zunehmend bereit ist, die Vielfalt der Geschlechtsidentit\u00e4ten zu akzeptieren.<\/p>\n\n<p>Der BR beruhigt und erinnert daran, dass \u201e\u00c4rzte verpflichtet sind, die Regeln der medizinischen Kunst einzuhalten: Sie m\u00fcssen Nutzen und Risiken einer Therapieform sorgf\u00e4ltig abw\u00e4gen, stets im Interesse des Patienten handeln und dessen Wohlbefinden in den Mittelpunkt stellen. Zudem muss die Urteilsf\u00e4higkeit bei Minderj\u00e4hrigen streng gepr\u00fcft werden. Die Behandlung wird somit meist von einem interdisziplin\u00e4ren Team durchgef\u00fchrt, das die Situation medizinisch, psychologisch und medizinisch-ethisch im Einzelfall pr\u00fcft.\u201c<\/p>\n\n<p>Trotz der Skandale, die diese Organisation befleckt haben, bezieht er sich weiterhin auf die \u201eEmpfehlungen der World Professional Association for Transgender Health [WPATH]\u201c, verf\u00fcgbar unter www.wpath.org, oder auf die trans-affirmativen Richtlinien der Arbeitsgemeinschaft der Wissenschaftlichen Medizinischen Fachgesellschaften (AWMF) in Deutschland, unter www.awmf.org). Der Bundesrat behauptet entgegen der Evidenz, dass \u201ediese in der Regel von allen beteiligten medizinischen Fachgesellschaften erarbeitet werden und <g id=\"gid_0\">auf aktuellen wissenschaftlichen Erkenntnissen beruhen<\/g>.\u201c  <\/p>\n\n<p><strong>Quellen:<\/strong><\/p>\n\n<p><a href=\"https:\/\/www.google.com\/url?sa=t&amp;source=web&amp;rct=j&amp;opi=89978449&amp;url=https:\/\/environmentalprogress.org\/big-news\/wpath-files\">WPATH Files<\/a>, 04.03.2024<\/p>\n\n<p><strong>The Guardian<\/strong>, 09.03.2024, \u201e<a href=\"https:\/\/www.google.com\/url?sa=t&amp;source=web&amp;rct=j&amp;opi=89978449&amp;url=https:\/\/www.theguardian.com\/commentisfree\/2024\/mar\/09\/disturbing-leaks-from-us-gender-group-wpath-ring-alarm-bells-in-nhs&amp;ved=2ahUKEwiI2KH3yIORAxWJzQIHHc7zMQoQFnoECCAQAQ&amp;usg=AOvVaw16zWAFVu6Qys8q-siNX1Yw\">why disturbing leaks from US gender group WPATH rings alarms bells<\/a>\u201c<\/p>\n\n<p><strong>The Economist<\/strong>, 24.07.2024 \u201e<a href=\"https:\/\/amqg-aufg.org\/wp-content\/uploads\/2025\/11\/WPATH-Marking-their-own-homework2.pdf\">Research into trans medecine has been manipulated<\/a>\u201c<br\/><\/p>\n\n<p><strong><span style=\"text-decoration: underline;\">Liste der im Parlament eingereichten Motionen und Interpellationen:<\/span><\/strong><\/p>\n\n<p><strong>23.09.2025 Motion von Nina Fehr D\u00fcsel (49 Mitunterzeichnende) \u201eGeschlechtsumwandlungsoperationen f\u00fcr Minderj\u00e4hrige in der Schweiz verbieten<\/strong>\u201c <strong>&#8211; 25.4081<\/strong><\/p>\n\n<p>Link FR: <a href=\"https:\/\/www.parlament.ch\/fr\/ratsbetrieb\/suche-curia-vista\/geschaeft?AffairId=20254081\">https:\/\/www.parlament.ch\/fr\/ratsbetrieb\/suche-curia-vista\/geschaeft?AffairId=20254081<\/a><\/p>\n\n<p>Link DE: <a href=\"https:\/\/www.parlament.ch\/de\/ratsbetrieb\/suche-curia-vista\/geschaeft?AffairId=20254081\">https:\/\/www.parlament.ch\/de\/ratsbetrieb\/suche-curia-vista\/geschaeft?AffairId=20254081<\/a><\/p>\n\n<p><strong>14.05.2025 Interpellation Andreas Gafner \u201eDer besorgniserregende Trend der Geschlechts\u00e4nderungen bei Jugendlichen<\/strong>\u201c &#8211; <strong>25.3181<\/strong><\/p>\n\n<p>Link FR: <a href=\"https:\/\/www.parlament.ch\/fr\/ratsbetrieb\/suche-curia-vista\/geschaeft?AffairId=20253181\">https:\/\/www.parlament.ch\/fr\/ratsbetrieb\/suche-curia-vista\/geschaeft?AffairId=20253181<\/a><\/p>\n\n<p>Link DE: <a href=\"https:\/\/www.parlament.ch\/de\/ratsbetrieb\/suche-curia-vista\/geschaeft?AffairId=20253181\">https:\/\/www.parlament.ch\/de\/ratsbetrieb\/suche-curia-vista\/geschaeft?AffairId=20253181<\/a><\/p>\n\n<p><strong>22.12.2023 Motion Marc Jost (19 Mitunterzeichnende) \u201eGeschlechts\u00e4nderung. Das Vorsorgeprinzip respektieren, um Kinder und Jugendliche besser zu sch\u00fctzen <\/strong>\u201c <strong>&#8211; 23.4476<\/strong><\/p>\n\n<p>Link FR: <a href=\"https:\/\/www.parlament.ch\/fr\/ratsbetrieb\/suche-curia-vista\/geschaeft?AffairId=20234476\">https:\/\/www.parlament.ch\/fr\/ratsbetrieb\/suche-curia-vista\/geschaeft?AffairId=20234476<\/a><\/p>\n\n<p>Link DE: <a href=\"https:\/\/www.parlament.ch\/de\/ratsbetrieb\/suche-curia-vista\/geschaeft?AffairId=20234476\">https:\/\/www.parlament.ch\/de\/ratsbetrieb\/suche-curia-vista\/geschaeft?AffairId=20234476<\/a><\/p>\n\n<p><strong>20.12.2023 Motion Lorenzo Quadri <\/strong><strong>\u201eStopp der Gender-Ideologie! Minderj\u00e4hrige (zumindest) vor un\u00fcberlegten Geschlechtsumwandlungsoperationen sch\u00fctzen  <\/strong>\u201c &#8211; <strong>23.4408<\/strong><\/p>\n\n<p>Link FR: <a href=\"https:\/\/www.parlament.ch\/fr\/ratsbetrieb\/suche-curia-vista\/geschaeft?AffairId=20234408\">https:\/\/www.parlament.ch\/fr\/ratsbetrieb\/suche-curia-vista\/geschaeft?AffairId=20234408<\/a><\/p>\n\n<p>Link DE: <a href=\"https:\/\/www.parlament.ch\/de\/ratsbetrieb\/suche-curia-vista\/geschaeft?AffairId=20234408\">https:\/\/www.parlament.ch\/de\/ratsbetrieb\/suche-curia-vista\/geschaeft?AffairId=20234408<\/a><\/p>\n\n<p><strong>14.12.2022 Interpellation Andreas Gafner \u2013 \u201ePubert\u00e4tsblocker, Hormonbehandlungen und chirurgische Eingriffe bei Minderj\u00e4hrigen. Warum sind sie erlaubt? <\/strong>\u201c<strong> 22.4422<\/strong><\/p>\n\n<p>Link FR: <a href=\"https:\/\/www.parlament.ch\/fr\/ratsbetrieb\/suche-curia-vista\/geschaeft?AffairId=20224422\">https:\/\/www.parlament.ch\/fr\/ratsbetrieb\/suche-curia-vista\/geschaeft?AffairId=20224422<\/a><\/p>\n\n<p>Link DE: <a href=\"https:\/\/www.parlament.ch\/de\/ratsbetrieb\/suche-curia-vista\/geschaeft?AffairId=20224422\">https:\/\/www.parlament.ch\/de\/ratsbetrieb\/suche-curia-vista\/geschaeft?AffairId=20224422<\/a><\/p>\n\n<p><strong>16.12.2021 Interpellation Benjamin Roduit \u201eExponentielle Medizinalisierung von Trans-Jugendlichen. Wird die Schweiz umstrittene Praktiken regulieren? <\/strong>\u201c <strong>\u2013 21.4506<\/strong><\/p>\n\n<p>Link FR: <a href=\"https:\/\/www.parlament.ch\/fr\/ratsbetrieb\/suche-curia-vista\/geschaeft?AffairId=20214506\">https:\/\/www.parlament.ch\/fr\/ratsbetrieb\/suche-curia-vista\/geschaeft?AffairId=20214506<\/a><\/p>\n\n<p>Link DE: <a href=\"https:\/\/www.parlament.ch\/de\/ratsbetrieb\/suche-curia-vista\/geschaeft?AffairId=20214506\">https:\/\/www.parlament.ch\/de\/ratsbetrieb\/suche-curia-vista\/geschaeft?AffairId=20214506<\/a><\/p>\n\n<p><strong>05.03.2020 Interpellation Benjamin Roduit \u201eAnzahl Minderj\u00e4hriger, die wegen St\u00f6rungen der sexuellen Identit\u00e4t behandelt werden<\/strong>\u201c <strong>\u2013 20.3051<\/strong><\/p>\n\n<p>Link FR: <a href=\"https:\/\/www.parlament.ch\/fr\/ratsbetrieb\/suche-curia-vista\/geschaeft?AffairId=20203051\">https:\/\/www.parlament.ch\/fr\/ratsbetrieb\/suche-curia-vista\/geschaeft?AffairId=20203051<\/a><\/p>\n\n<p>Link DE: <a href=\"https:\/\/www.parlament.ch\/de\/ratsbetrieb\/suche-curia-vista\/geschaeft?AffairId=20203051\">https:\/\/www.parlament.ch\/de\/ratsbetrieb\/suche-curia-vista\/geschaeft?AffairId=20203051<\/a><\/p>\n\n<p><br\/><strong><span style=\"text-decoration: underline;\">Auf kantonaler Ebene wird das Thema in immer mehr Kantonen debattiert:<\/span><\/strong><\/p>\n\n<p>Im September 2025 wurde eine von 40 Abgeordneten unterzeichnete <a href=\"https:\/\/amqg-aufg.org\/wp-content\/uploads\/2025\/11\/IE838.pdf\">parlamentarische Initiative<\/a>, die ein Verbot jeglicher sogenannter \u201eGender-Behandlungen\u201c f\u00fcr Minderj\u00e4hrige fordert, im Tessiner Grossen Rat eingereicht.<\/p>\n\n<p>Im Juli 2025 hat die Z\u00fcrcher Gesundheitsdirektorin Nathalie Rickli den Bund <a href=\"https:\/\/www.zh.ch\/de\/news-uebersicht\/medienmitteilungen\/2025\/07\/gesundheitsversorgung-von-transgender-personen-schutz-vor-irreversiblen-behandlungen-bei-minderjaehrigen.html#contact\">aufgefordert<\/a>, geschlechtsangleichende Operationen und Pubert\u00e4tsblocker zu verbieten, und ein Rechtsgutachten zu dieser Frage verlangt.<\/p>\n\n<p>Im Februar 2025 wurde im Thurgau eine <a href=\"https:\/\/amqg-aufg.org\/wp-content\/uploads\/2025\/11\/Wortlaut-vom-19.02.2025-24_MO-16_117.pdf\">parlamentarische Motion<\/a> eingereicht, um irreversible Operationen f\u00fcr Minderj\u00e4hrige mit Gender-Fragen einzuschr\u00e4nken.<\/p>\n\n<p>Im Februar 2023 hat der Kanton Bern alle irreversiblen geschlechtsangleichenden Operationen an Minderj\u00e4hrigen <a href=\"https:\/\/amqg-aufg.org\/wp-content\/uploads\/2025\/11\/2023.RRGR_.210-RRB-D-275342.pdfhttps:\/amqg-aufg.org\/wp-content\/uploads\/2025\/11\/RRB-01.11.2023-fr.pdf\">verboten<\/a>. <\/p>\n\n<p>Im Jahr 2023 wurden im Kanton Genf mehrere Motionen eingereicht, um sogenannte \u201eGender-Affirmationsbehandlungen\u201c f\u00fcr Minderj\u00e4hrige zu verbieten oder zu regulieren. Sie wurden abgelehnt. <\/p>\n\n<p><\/p>\n","protected":false},"excerpt":{"rendered":"<p>Gesetz zur Geschlechts\u00e4nderung im Zivilstandsregister Die Debatte \u00fcber die Geschlechts\u00e4nderung im Zivilstandsregister hat die Spaltung des Schweizer Parlaments in der Frage der Transidentit\u00e4t und des Zugangs zur Geschlechts\u00e4nderung f\u00fcr Minderj\u00e4hrige aufgezeigt. F\u00fcr die Gegner der Einf\u00fchrung einer Geschlechts\u00e4nderung im Gesetz (haupts\u00e4chlich die SVP) zwang der Entwurf \u201eeine Subjektivit\u00e4t in ein amtliches Register, das auf objektiven [&hellip;]<\/p>\n","protected":false},"author":5,"featured_media":0,"comment_status":"closed","ping_status":"open","sticky":false,"template":"","format":"standard","meta":{"footnotes":""},"categories":[36,31],"tags":[],"class_list":["post-4346","post","type-post","status-publish","format-standard","hentry","category-national","category-startseite"],"yoast_head":"<!-- This site is optimized with the Yoast SEO plugin v27.1.1 - https:\/\/yoast.com\/product\/yoast-seo-wordpress\/ -->\n<title>Die Trojanische-Pferd-Strategie, um \u201eGeschlechtsidentit\u00e4t\u201c in den rechtlichen und institutionellen Rahmen einzuf\u00fchren - AUFG - Verein f\u00fcr einen angemessenen Umgang mit Geschlechterfragen bei jungen Menschen<\/title>\n<meta name=\"robots\" content=\"index, follow, max-snippet:-1, max-image-preview:large, max-video-preview:-1\" \/>\n<link rel=\"canonical\" href=\"https:\/\/amqg-aufg.org\/de\/2025\/11\/20\/die-trojanische-pferd-strategie-um-geschlechtsidentitaet-in-den-rechtlichen-und-institutionellen-rahmen-einzufuehren\/\" \/>\n<meta property=\"og:locale\" content=\"de_DE\" \/>\n<meta property=\"og:type\" content=\"article\" \/>\n<meta property=\"og:title\" content=\"Die Trojanische-Pferd-Strategie, um \u201eGeschlechtsidentit\u00e4t\u201c in den rechtlichen und institutionellen Rahmen einzuf\u00fchren - AUFG - Verein f\u00fcr einen angemessenen Umgang mit Geschlechterfragen bei jungen Menschen\" \/>\n<meta property=\"og:description\" content=\"Gesetz zur Geschlechts\u00e4nderung im Zivilstandsregister Die Debatte \u00fcber die Geschlechts\u00e4nderung im Zivilstandsregister hat die Spaltung des Schweizer Parlaments in der Frage der Transidentit\u00e4t und des Zugangs zur Geschlechts\u00e4nderung f\u00fcr Minderj\u00e4hrige aufgezeigt. F\u00fcr die Gegner der Einf\u00fchrung einer Geschlechts\u00e4nderung im Gesetz (haupts\u00e4chlich die SVP) zwang der Entwurf \u201eeine Subjektivit\u00e4t in ein amtliches Register, das auf objektiven [&hellip;]\" \/>\n<meta property=\"og:url\" content=\"https:\/\/amqg-aufg.org\/de\/2025\/11\/20\/die-trojanische-pferd-strategie-um-geschlechtsidentitaet-in-den-rechtlichen-und-institutionellen-rahmen-einzufuehren\/\" \/>\n<meta property=\"og:site_name\" content=\"AUFG - Verein f\u00fcr einen angemessenen Umgang mit Geschlechterfragen bei jungen Menschen\" \/>\n<meta property=\"article:published_time\" content=\"2025-11-19T23:02:56+00:00\" \/>\n<meta property=\"article:modified_time\" content=\"2025-11-24T15:16:53+00:00\" \/>\n<meta name=\"author\" content=\"Everyone-AMQG\" \/>\n<meta name=\"twitter:card\" content=\"summary_large_image\" \/>\n<meta name=\"twitter:label1\" content=\"Verfasst von\" \/>\n\t<meta name=\"twitter:data1\" content=\"Everyone-AMQG\" \/>\n\t<meta name=\"twitter:label2\" content=\"Gesch\u00e4tzte Lesezeit\" \/>\n\t<meta name=\"twitter:data2\" content=\"6\u00a0Minute\" \/>\n<script type=\"application\/ld+json\" class=\"yoast-schema-graph\">{\"@context\":\"https:\/\/schema.org\",\"@graph\":[{\"@type\":\"Article\",\"@id\":\"https:\/\/amqg-aufg.org\/de\/2025\/11\/20\/die-trojanische-pferd-strategie-um-geschlechtsidentitaet-in-den-rechtlichen-und-institutionellen-rahmen-einzufuehren\/#article\",\"isPartOf\":{\"@id\":\"https:\/\/amqg-aufg.org\/de\/2025\/11\/20\/die-trojanische-pferd-strategie-um-geschlechtsidentitaet-in-den-rechtlichen-und-institutionellen-rahmen-einzufuehren\/\"},\"author\":{\"name\":\"Everyone-AMQG\",\"@id\":\"https:\/\/amqg-aufg.org\/de\/#\/schema\/person\/8c4fab2eb8a72320ab1b9a680dffb9ac\"},\"headline\":\"Die Trojanische-Pferd-Strategie, um \u201eGeschlechtsidentit\u00e4t\u201c in den rechtlichen und institutionellen Rahmen einzuf\u00fchren\",\"datePublished\":\"2025-11-19T23:02:56+00:00\",\"dateModified\":\"2025-11-24T15:16:53+00:00\",\"mainEntityOfPage\":{\"@id\":\"https:\/\/amqg-aufg.org\/de\/2025\/11\/20\/die-trojanische-pferd-strategie-um-geschlechtsidentitaet-in-den-rechtlichen-und-institutionellen-rahmen-einzufuehren\/\"},\"wordCount\":1284,\"articleSection\":[\"National\",\"Startseite\"],\"inLanguage\":\"de\"},{\"@type\":\"WebPage\",\"@id\":\"https:\/\/amqg-aufg.org\/de\/2025\/11\/20\/die-trojanische-pferd-strategie-um-geschlechtsidentitaet-in-den-rechtlichen-und-institutionellen-rahmen-einzufuehren\/\",\"url\":\"https:\/\/amqg-aufg.org\/de\/2025\/11\/20\/die-trojanische-pferd-strategie-um-geschlechtsidentitaet-in-den-rechtlichen-und-institutionellen-rahmen-einzufuehren\/\",\"name\":\"Die Trojanische-Pferd-Strategie, um \u201eGeschlechtsidentit\u00e4t\u201c in den rechtlichen und institutionellen Rahmen einzuf\u00fchren - AUFG - Verein f\u00fcr einen angemessenen Umgang mit Geschlechterfragen bei jungen Menschen\",\"isPartOf\":{\"@id\":\"https:\/\/amqg-aufg.org\/de\/#website\"},\"datePublished\":\"2025-11-19T23:02:56+00:00\",\"dateModified\":\"2025-11-24T15:16:53+00:00\",\"author\":{\"@id\":\"https:\/\/amqg-aufg.org\/de\/#\/schema\/person\/8c4fab2eb8a72320ab1b9a680dffb9ac\"},\"breadcrumb\":{\"@id\":\"https:\/\/amqg-aufg.org\/de\/2025\/11\/20\/die-trojanische-pferd-strategie-um-geschlechtsidentitaet-in-den-rechtlichen-und-institutionellen-rahmen-einzufuehren\/#breadcrumb\"},\"inLanguage\":\"de\",\"potentialAction\":[{\"@type\":\"ReadAction\",\"target\":[\"https:\/\/amqg-aufg.org\/de\/2025\/11\/20\/die-trojanische-pferd-strategie-um-geschlechtsidentitaet-in-den-rechtlichen-und-institutionellen-rahmen-einzufuehren\/\"]}]},{\"@type\":\"BreadcrumbList\",\"@id\":\"https:\/\/amqg-aufg.org\/de\/2025\/11\/20\/die-trojanische-pferd-strategie-um-geschlechtsidentitaet-in-den-rechtlichen-und-institutionellen-rahmen-einzufuehren\/#breadcrumb\",\"itemListElement\":[{\"@type\":\"ListItem\",\"position\":1,\"name\":\"Accueil\",\"item\":\"https:\/\/amqg-aufg.org\/de\/\"},{\"@type\":\"ListItem\",\"position\":2,\"name\":\"Die Trojanische-Pferd-Strategie, um \u201eGeschlechtsidentit\u00e4t\u201c in den rechtlichen und institutionellen Rahmen einzuf\u00fchren\"}]},{\"@type\":\"WebSite\",\"@id\":\"https:\/\/amqg-aufg.org\/de\/#website\",\"url\":\"https:\/\/amqg-aufg.org\/de\/\",\"name\":\"AUFG - Verein f\u00fcr einen angemessenen Umgang mit Geschlechterfragen bei jungen Menschen\",\"description\":\"Sektion Deutschschweiz\",\"potentialAction\":[{\"@type\":\"SearchAction\",\"target\":{\"@type\":\"EntryPoint\",\"urlTemplate\":\"https:\/\/amqg-aufg.org\/de\/?s={search_term_string}\"},\"query-input\":{\"@type\":\"PropertyValueSpecification\",\"valueRequired\":true,\"valueName\":\"search_term_string\"}}],\"inLanguage\":\"de\"},{\"@type\":\"Person\",\"@id\":\"https:\/\/amqg-aufg.org\/de\/#\/schema\/person\/8c4fab2eb8a72320ab1b9a680dffb9ac\",\"name\":\"Everyone-AMQG\",\"image\":{\"@type\":\"ImageObject\",\"inLanguage\":\"de\",\"@id\":\"https:\/\/amqg-aufg.org\/de\/#\/schema\/person\/image\/\",\"url\":\"https:\/\/secure.gravatar.com\/avatar\/86092378332ab6216c084a30220850fd1d7a706cf5733646f9e1d69b1d865743?s=96&d=mm&r=g\",\"contentUrl\":\"https:\/\/secure.gravatar.com\/avatar\/86092378332ab6216c084a30220850fd1d7a706cf5733646f9e1d69b1d865743?s=96&d=mm&r=g\",\"caption\":\"Everyone-AMQG\"},\"url\":\"https:\/\/amqg-aufg.org\/de\/author\/everyone-amqg\/\"}]}<\/script>\n<!-- \/ Yoast SEO plugin. -->","yoast_head_json":{"title":"Die Trojanische-Pferd-Strategie, um \u201eGeschlechtsidentit\u00e4t\u201c in den rechtlichen und institutionellen Rahmen einzuf\u00fchren - AUFG - Verein f\u00fcr einen angemessenen Umgang mit Geschlechterfragen bei jungen Menschen","robots":{"index":"index","follow":"follow","max-snippet":"max-snippet:-1","max-image-preview":"max-image-preview:large","max-video-preview":"max-video-preview:-1"},"canonical":"https:\/\/amqg-aufg.org\/de\/2025\/11\/20\/die-trojanische-pferd-strategie-um-geschlechtsidentitaet-in-den-rechtlichen-und-institutionellen-rahmen-einzufuehren\/","og_locale":"de_DE","og_type":"article","og_title":"Die Trojanische-Pferd-Strategie, um \u201eGeschlechtsidentit\u00e4t\u201c in den rechtlichen und institutionellen Rahmen einzuf\u00fchren - AUFG - Verein f\u00fcr einen angemessenen Umgang mit Geschlechterfragen bei jungen Menschen","og_description":"Gesetz zur Geschlechts\u00e4nderung im Zivilstandsregister Die Debatte \u00fcber die Geschlechts\u00e4nderung im Zivilstandsregister hat die Spaltung des Schweizer Parlaments in der Frage der Transidentit\u00e4t und des Zugangs zur Geschlechts\u00e4nderung f\u00fcr Minderj\u00e4hrige aufgezeigt. F\u00fcr die Gegner der Einf\u00fchrung einer Geschlechts\u00e4nderung im Gesetz (haupts\u00e4chlich die SVP) zwang der Entwurf \u201eeine Subjektivit\u00e4t in ein amtliches Register, das auf objektiven [&hellip;]","og_url":"https:\/\/amqg-aufg.org\/de\/2025\/11\/20\/die-trojanische-pferd-strategie-um-geschlechtsidentitaet-in-den-rechtlichen-und-institutionellen-rahmen-einzufuehren\/","og_site_name":"AUFG - Verein f\u00fcr einen angemessenen Umgang mit Geschlechterfragen bei jungen Menschen","article_published_time":"2025-11-19T23:02:56+00:00","article_modified_time":"2025-11-24T15:16:53+00:00","author":"Everyone-AMQG","twitter_card":"summary_large_image","twitter_misc":{"Verfasst von":"Everyone-AMQG","Gesch\u00e4tzte Lesezeit":"6\u00a0Minute"},"schema":{"@context":"https:\/\/schema.org","@graph":[{"@type":"Article","@id":"https:\/\/amqg-aufg.org\/de\/2025\/11\/20\/die-trojanische-pferd-strategie-um-geschlechtsidentitaet-in-den-rechtlichen-und-institutionellen-rahmen-einzufuehren\/#article","isPartOf":{"@id":"https:\/\/amqg-aufg.org\/de\/2025\/11\/20\/die-trojanische-pferd-strategie-um-geschlechtsidentitaet-in-den-rechtlichen-und-institutionellen-rahmen-einzufuehren\/"},"author":{"name":"Everyone-AMQG","@id":"https:\/\/amqg-aufg.org\/de\/#\/schema\/person\/8c4fab2eb8a72320ab1b9a680dffb9ac"},"headline":"Die Trojanische-Pferd-Strategie, um \u201eGeschlechtsidentit\u00e4t\u201c in den rechtlichen und institutionellen Rahmen einzuf\u00fchren","datePublished":"2025-11-19T23:02:56+00:00","dateModified":"2025-11-24T15:16:53+00:00","mainEntityOfPage":{"@id":"https:\/\/amqg-aufg.org\/de\/2025\/11\/20\/die-trojanische-pferd-strategie-um-geschlechtsidentitaet-in-den-rechtlichen-und-institutionellen-rahmen-einzufuehren\/"},"wordCount":1284,"articleSection":["National","Startseite"],"inLanguage":"de"},{"@type":"WebPage","@id":"https:\/\/amqg-aufg.org\/de\/2025\/11\/20\/die-trojanische-pferd-strategie-um-geschlechtsidentitaet-in-den-rechtlichen-und-institutionellen-rahmen-einzufuehren\/","url":"https:\/\/amqg-aufg.org\/de\/2025\/11\/20\/die-trojanische-pferd-strategie-um-geschlechtsidentitaet-in-den-rechtlichen-und-institutionellen-rahmen-einzufuehren\/","name":"Die Trojanische-Pferd-Strategie, um \u201eGeschlechtsidentit\u00e4t\u201c in den rechtlichen und institutionellen Rahmen einzuf\u00fchren - AUFG - Verein f\u00fcr einen angemessenen Umgang mit Geschlechterfragen bei jungen Menschen","isPartOf":{"@id":"https:\/\/amqg-aufg.org\/de\/#website"},"datePublished":"2025-11-19T23:02:56+00:00","dateModified":"2025-11-24T15:16:53+00:00","author":{"@id":"https:\/\/amqg-aufg.org\/de\/#\/schema\/person\/8c4fab2eb8a72320ab1b9a680dffb9ac"},"breadcrumb":{"@id":"https:\/\/amqg-aufg.org\/de\/2025\/11\/20\/die-trojanische-pferd-strategie-um-geschlechtsidentitaet-in-den-rechtlichen-und-institutionellen-rahmen-einzufuehren\/#breadcrumb"},"inLanguage":"de","potentialAction":[{"@type":"ReadAction","target":["https:\/\/amqg-aufg.org\/de\/2025\/11\/20\/die-trojanische-pferd-strategie-um-geschlechtsidentitaet-in-den-rechtlichen-und-institutionellen-rahmen-einzufuehren\/"]}]},{"@type":"BreadcrumbList","@id":"https:\/\/amqg-aufg.org\/de\/2025\/11\/20\/die-trojanische-pferd-strategie-um-geschlechtsidentitaet-in-den-rechtlichen-und-institutionellen-rahmen-einzufuehren\/#breadcrumb","itemListElement":[{"@type":"ListItem","position":1,"name":"Accueil","item":"https:\/\/amqg-aufg.org\/de\/"},{"@type":"ListItem","position":2,"name":"Die Trojanische-Pferd-Strategie, um \u201eGeschlechtsidentit\u00e4t\u201c in den rechtlichen und institutionellen Rahmen einzuf\u00fchren"}]},{"@type":"WebSite","@id":"https:\/\/amqg-aufg.org\/de\/#website","url":"https:\/\/amqg-aufg.org\/de\/","name":"AUFG - Verein f\u00fcr einen angemessenen Umgang mit Geschlechterfragen bei jungen Menschen","description":"Sektion Deutschschweiz","potentialAction":[{"@type":"SearchAction","target":{"@type":"EntryPoint","urlTemplate":"https:\/\/amqg-aufg.org\/de\/?s={search_term_string}"},"query-input":{"@type":"PropertyValueSpecification","valueRequired":true,"valueName":"search_term_string"}}],"inLanguage":"de"},{"@type":"Person","@id":"https:\/\/amqg-aufg.org\/de\/#\/schema\/person\/8c4fab2eb8a72320ab1b9a680dffb9ac","name":"Everyone-AMQG","image":{"@type":"ImageObject","inLanguage":"de","@id":"https:\/\/amqg-aufg.org\/de\/#\/schema\/person\/image\/","url":"https:\/\/secure.gravatar.com\/avatar\/86092378332ab6216c084a30220850fd1d7a706cf5733646f9e1d69b1d865743?s=96&d=mm&r=g","contentUrl":"https:\/\/secure.gravatar.com\/avatar\/86092378332ab6216c084a30220850fd1d7a706cf5733646f9e1d69b1d865743?s=96&d=mm&r=g","caption":"Everyone-AMQG"},"url":"https:\/\/amqg-aufg.org\/de\/author\/everyone-amqg\/"}]}},"_links":{"self":[{"href":"https:\/\/amqg-aufg.org\/de\/wp-json\/wp\/v2\/posts\/4346","targetHints":{"allow":["GET"]}}],"collection":[{"href":"https:\/\/amqg-aufg.org\/de\/wp-json\/wp\/v2\/posts"}],"about":[{"href":"https:\/\/amqg-aufg.org\/de\/wp-json\/wp\/v2\/types\/post"}],"author":[{"embeddable":true,"href":"https:\/\/amqg-aufg.org\/de\/wp-json\/wp\/v2\/users\/5"}],"replies":[{"embeddable":true,"href":"https:\/\/amqg-aufg.org\/de\/wp-json\/wp\/v2\/comments?post=4346"}],"version-history":[{"count":1,"href":"https:\/\/amqg-aufg.org\/de\/wp-json\/wp\/v2\/posts\/4346\/revisions"}],"predecessor-version":[{"id":4347,"href":"https:\/\/amqg-aufg.org\/de\/wp-json\/wp\/v2\/posts\/4346\/revisions\/4347"}],"wp:attachment":[{"href":"https:\/\/amqg-aufg.org\/de\/wp-json\/wp\/v2\/media?parent=4346"}],"wp:term":[{"taxonomy":"category","embeddable":true,"href":"https:\/\/amqg-aufg.org\/de\/wp-json\/wp\/v2\/categories?post=4346"},{"taxonomy":"post_tag","embeddable":true,"href":"https:\/\/amqg-aufg.org\/de\/wp-json\/wp\/v2\/tags?post=4346"}],"curies":[{"name":"wp","href":"https:\/\/api.w.org\/{rel}","templated":true}]}}